{"id":23185,"date":"2014-11-05T11:54:43","date_gmt":"2014-11-05T16:54:43","guid":{"rendered":"http:\/\/www.ambiente.gob.ec\/?p=23185"},"modified":"2014-11-05T11:54:43","modified_gmt":"2014-11-05T16:54:43","slug":"ecuador-y-peru-ratifican-la-importancia-de-las-negociaciones-internacionales-en-materia-de-cambio-climatico","status":"publish","type":"post","link":"https:\/\/www.ambienteyenergia.gob.ec\/ambiente\/ecuador-y-peru-ratifican-la-importancia-de-las-negociaciones-internacionales-en-materia-de-cambio-climatico\/","title":{"rendered":"Ecuador y Per\u00fa ratifican la importancia de las negociaciones internacionales en materia de Cambio Clim\u00e1tico"},"content":{"rendered":"<p style=\"text-align: justify;\">En el marco del\u00a0Encuentro Presidencial y Octavo Gabinete Binacional Ecuador \u2013 Per\u00fa, autoridades y funcionarios ministeriales de ambos pa\u00edses desarrollaron su trabajo en base a cinco ejes:\u00a0asuntos sociales, seguridad y defensa; asuntos productivos, comerciales, inversiones y turismo; asuntos ambientales y energ\u00e9ticos e infraestructura y conectividad.<\/p>\n<p>En materia de cambio clim\u00e1tico, ambos presidentes\u00a0reiteraron en su declaraci\u00f3n conjunta, la importancia que tienen las negociaciones internacionales de cambio clim\u00e1tico y la COP20 que se llevar\u00e1 a cabo en Lima en diciembre de 2014, e hicieron un llamado al resto de pa\u00edses\u00a0\u00a0a aumentar la ambici\u00f3n de sus acciones, en correspondencia con los principios de la Convenci\u00f3n Marco de las Naciones Unidas sobre Cambio Clim\u00e1tico (CMNUCC).<\/p>\n<p>Adicionalmente, en el plan de acci\u00f3n binacional, se acord\u00f3 organizar durante el primer semestre de 2015, un taller binacional de cambio clim\u00e1tico para intercambiar experiencias en relaci\u00f3n con acciones nacionales de mitigaci\u00f3n pre y post 2020, fuentes existentes y potenciales de financiamiento, y perspectivas para el r\u00e9gimen en el futuro. Este taller ser\u00e1 organizado y convocado por el Ministerio del Ambiente del Ecuador.<\/p>\n","protected":false},"excerpt":{"rendered":"<p class=\"excerpt\">En el marco del\u00a0Encuentro Presidencial y Octavo Gabinete Binacional Ecuador \u2013 Per\u00fa, autoridades y funcionarios ministeriales de ambos pa\u00edses desarrollaron su trabajo en base a cinco ejes:\u00a0asuntos sociales, seguridad y defensa; asuntos productivos, comerciales, inversiones y turismo; asuntos ambientales y energ\u00e9ticos e infraestructura y conectividad. En materia de cambio clim\u00e1tico, ambos presidentes\u00a0reiteraron en su declaraci\u00f3n conjunta, la importancia que tienen&hellip; <a href=\"https:\/\/www.ambienteyenergia.gob.ec\/ambiente\/ecuador-y-peru-ratifican-la-importancia-de-las-negociaciones-internacionales-en-materia-de-cambio-climatico\/\">Read more &rarr;<\/a><\/p>\n","protected":false},"author":13,"featured_media":22884,"comment_status":"open","ping_status":"open","sticky":false,"template":"","format":"standard","meta":{"footnotes":""},"categories":[16,4],"tags":[],"class_list":["post-23185","post","type-post","status-publish","format-standard","has-post-thumbnail","hentry","category-comunicamos","category-noticias","xfolkentry"],"_links":{"self":[{"href":"https:\/\/www.ambienteyenergia.gob.ec\/ambiente\/wp-json\/wp\/v2\/posts\/23185","targetHints":{"allow":["GET"]}}],"collection":[{"href":"https:\/\/www.ambienteyenergia.gob.ec\/ambiente\/wp-json\/wp\/v2\/posts"}],"about":[{"href":"https:\/\/www.ambienteyenergia.gob.ec\/ambiente\/wp-json\/wp\/v2\/types\/post"}],"author":[{"embeddable":true,"href":"https:\/\/www.ambienteyenergia.gob.ec\/ambiente\/wp-json\/wp\/v2\/users\/13"}],"replies":[{"embeddable":true,"href":"https:\/\/www.ambienteyenergia.gob.ec\/ambiente\/wp-json\/wp\/v2\/comments?post=23185"}],"version-history":[{"count":0,"href":"https:\/\/www.ambienteyenergia.gob.ec\/ambiente\/wp-json\/wp\/v2\/posts\/23185\/revisions"}],"wp:featuredmedia":[{"embeddable":true,"href":"https:\/\/www.ambienteyenergia.gob.ec\/ambiente\/wp-json\/wp\/v2\/media\/22884"}],"wp:attachment":[{"href":"https:\/\/www.ambienteyenergia.gob.ec\/ambiente\/wp-json\/wp\/v2\/media?parent=23185"}],"wp:term":[{"taxonomy":"category","embeddable":true,"href":"https:\/\/www.ambienteyenergia.gob.ec\/ambiente\/wp-json\/wp\/v2\/categories?post=23185"},{"taxonomy":"post_tag","embeddable":true,"href":"https:\/\/www.ambienteyenergia.gob.ec\/ambiente\/wp-json\/wp\/v2\/tags?post=23185"}],"curies":[{"name":"wp","href":"https:\/\/api.w.org\/{rel}","templated":true}]}}