{"id":23181,"date":"2014-11-05T11:44:40","date_gmt":"2014-11-05T16:44:40","guid":{"rendered":"http:\/\/www.ambiente.gob.ec\/?p=23181"},"modified":"2014-11-05T11:45:57","modified_gmt":"2014-11-05T16:45:57","slug":"ministerio-del-ambiente-expuso-resultados-de-su-programa-nacional-de-gestion-integral-de-desechos-solidos","status":"publish","type":"post","link":"https:\/\/www.ambienteyenergia.gob.ec\/ambiente\/ministerio-del-ambiente-expuso-resultados-de-su-programa-nacional-de-gestion-integral-de-desechos-solidos\/","title":{"rendered":"Ministerio del Ambiente expuso resultados de su Programa Nacional de Gesti\u00f3n Integral de Desechos S\u00f3lidos"},"content":{"rendered":"<p style=\"text-align: justify;\">El martes 4 de Noviembre, el Ministerio del Ambiente (MAE) realiz\u00f3 un foro t\u00e9cnico sobre Gesti\u00f3n Integral de Residuos S\u00f3lidos en el Ecuador, en el Hotel Unipark de la ciudad de Guayaquil. En el foro se presentaron las acciones y principales logros del Programa Nacional de Gesti\u00f3n Integral de Desechos S\u00f3lidos (MAE-PNGIDS).<\/p>\n<p>La gesti\u00f3n y resultados del MAE-PNGIDS parten de 3 hitos:<\/p>\n<p>1.\u00a0\u00a0 \u00a0Reducci\u00f3n de pasivos ambientales.- a trav\u00e9s de estudios de pre-inversi\u00f3n y seguimiento de GADM para el cierre t\u00e9cnico de botaderos y la optimizaci\u00f3n de rellenos sanitarios.\u00a0 El costo invertido entre el 2010 y 2014, fue de US$8\u2019279.981.<\/p>\n<p>2.\u00a0\u00a0 \u00a0Gesti\u00f3n integral de residuos s\u00f3lidos (GIRS).- definici\u00f3n de pol\u00edticas p\u00fablicas que establezcan lineamientos y regulen el proceso de GIRS desde la generaci\u00f3n de residuos hasta el aprovechamiento y disposici\u00f3n final de los mismos.<\/p>\n<p>Los modelos mancomunados para la GIRS tambi\u00e9n juegan un rol importante, ya que logran el manejo integral y optimizado de residuos, con sostenibilidad institucional y financiera. Hasta la fecha, existen 18 mancomunidades conformadas en el pa\u00eds que abarcan a 82 GADM, y para el 2015 se pronostica contar con 30 modelos mancomunados.<\/p>\n<p>Como parte de este hito, el MAE-PNGIDS ha elaborado un Acuerdo Ministerial de saneamiento ambiental para el manejo de residuos como una herramienta para homologar, mejorar y agilitar la implementaci\u00f3n de Proyectos de GIRS en los GADM.\u00a0 El Acuerdo Ministerial se complementar\u00e1 con manuales t\u00e9cnicos espec\u00edficos que contendr\u00e1n normativas a detalle para cierres t\u00e9cnicos, rellenos sanitarios, barrido y recolecci\u00f3n.<\/p>\n<p>3.\u00a0\u00a0 \u00a0Aprovechamiento y reducci\u00f3n de residuos s\u00f3lidos, a trav\u00e9s de:<\/p>\n<ul style=\"text-align: justify;\">\n<li>Gesti\u00f3n integral de residuos s\u00f3lidos especiales, como: celulares, neum\u00e1ticos, pl\u00e1sticos agroqu\u00edmicos y pilas.<\/li>\n<\/ul>\n<ul style=\"text-align: justify;\">\n<li>An\u00e1lisis y caracterizaci\u00f3n de la cadena de valor de la GIRS, incluido dentro de la matriz productiva.<\/li>\n<\/ul>\n<p style=\"text-align: justify;\">La visi\u00f3n del MAE es posicionarse como un aliado y socio estrat\u00e9gico en la cadena de la GIRS dentro de la nueva matriz productiva. Esto promoviendo nuevas oportunidades econ\u00f3micas.\u00a0 En la actualidad hay alrededor de 1.000 empresas vinculadas al reciclaje, a nivel nacional.<\/p>\n<ul style=\"text-align: justify;\">\n<li>Pol\u00edticas de las 3Rs para promover en la ciudadan\u00eda la Reducci\u00f3n, Reuso y Reciclaje.\u00a0\u00a0 Pol\u00edticas para la reducci\u00f3n de consumo de fundas pl\u00e1sticas, y el mejor aprovechamiento del vidrio.<\/li>\n<\/ul>\n<ul style=\"text-align: justify;\">\n<li>Plan de movilizaci\u00f3n de residuos en las Gal\u00e1pagos, el cual permita evacuar los residuos de las Islas, aprovechando los materiales recuperables.<\/li>\n<\/ul>\n<ul style=\"text-align: justify;\">\n<li>La gesti\u00f3n social del reciclaje busca el reconocimiento y formalizaci\u00f3n de alrededor de 20.000 recicladores, su inclusi\u00f3n y vinculaci\u00f3n al sector p\u00fablico y privado, y el mejoramiento de la capacidad de aprovechamiento de los residuos s\u00f3lidos.<\/li>\n<\/ul>\n","protected":false},"excerpt":{"rendered":"<p class=\"excerpt\">El martes 4 de Noviembre, el Ministerio del Ambiente (MAE) realiz\u00f3 un foro t\u00e9cnico sobre Gesti\u00f3n Integral de Residuos S\u00f3lidos en el Ecuador, en el Hotel Unipark de la ciudad de Guayaquil. En el foro se presentaron las acciones y principales logros del Programa Nacional de Gesti\u00f3n Integral de Desechos S\u00f3lidos (MAE-PNGIDS). La gesti\u00f3n y resultados del MAE-PNGIDS parten de&hellip; <a href=\"https:\/\/www.ambienteyenergia.gob.ec\/ambiente\/ministerio-del-ambiente-expuso-resultados-de-su-programa-nacional-de-gestion-integral-de-desechos-solidos\/\">Read more &rarr;<\/a><\/p>\n","protected":false},"author":13,"featured_media":22752,"comment_status":"open","ping_status":"open","sticky":false,"template":"","format":"standard","meta":{"footnotes":""},"categories":[16,4],"tags":[],"class_list":["post-23181","post","type-post","status-publish","format-standard","has-post-thumbnail","hentry","category-comunicamos","category-noticias","xfolkentry"],"_links":{"self":[{"href":"https:\/\/www.ambienteyenergia.gob.ec\/ambiente\/wp-json\/wp\/v2\/posts\/23181","targetHints":{"allow":["GET"]}}],"collection":[{"href":"https:\/\/www.ambienteyenergia.gob.ec\/ambiente\/wp-json\/wp\/v2\/posts"}],"about":[{"href":"https:\/\/www.ambienteyenergia.gob.ec\/ambiente\/wp-json\/wp\/v2\/types\/post"}],"author":[{"embeddable":true,"href":"https:\/\/www.ambienteyenergia.gob.ec\/ambiente\/wp-json\/wp\/v2\/users\/13"}],"replies":[{"embeddable":true,"href":"https:\/\/www.ambienteyenergia.gob.ec\/ambiente\/wp-json\/wp\/v2\/comments?post=23181"}],"version-history":[{"count":0,"href":"https:\/\/www.ambienteyenergia.gob.ec\/ambiente\/wp-json\/wp\/v2\/posts\/23181\/revisions"}],"wp:featuredmedia":[{"embeddable":true,"href":"https:\/\/www.ambienteyenergia.gob.ec\/ambiente\/wp-json\/wp\/v2\/media\/22752"}],"wp:attachment":[{"href":"https:\/\/www.ambienteyenergia.gob.ec\/ambiente\/wp-json\/wp\/v2\/media?parent=23181"}],"wp:term":[{"taxonomy":"category","embeddable":true,"href":"https:\/\/www.ambienteyenergia.gob.ec\/ambiente\/wp-json\/wp\/v2\/categories?post=23181"},{"taxonomy":"post_tag","embeddable":true,"href":"https:\/\/www.ambienteyenergia.gob.ec\/ambiente\/wp-json\/wp\/v2\/tags?post=23181"}],"curies":[{"name":"wp","href":"https:\/\/api.w.org\/{rel}","templated":true}]}}