{"id":23178,"date":"2014-11-04T18:37:29","date_gmt":"2014-11-04T23:37:29","guid":{"rendered":"http:\/\/www.ambiente.gob.ec\/?p=23178"},"modified":"2014-11-04T18:37:29","modified_gmt":"2014-11-04T23:37:29","slug":"cms-escoge-a-ministra-lorena-tapia-como-presidenta-de-la-conferencia-de-las-partes","status":"publish","type":"post","link":"https:\/\/www.ambienteyenergia.gob.ec\/ambiente\/cms-escoge-a-ministra-lorena-tapia-como-presidenta-de-la-conferencia-de-las-partes\/","title":{"rendered":"CMS escoge a Ministra Lorena Tapia como Presidenta de la Conferencia de las Partes"},"content":{"rendered":"<p style=\"margin-bottom: 0.35cm;\" align=\"JUSTIFY\">La elecci\u00f3n de autoridades de la Und\u00e9cima Conferencia de las Partes (COP, por sus siglas en ingles) sobre la Conservaci\u00f3n de Especies Migratorias de Animales Silvestres (CMS) fue uno de los puntos en el orden del d\u00eda en este encuentro mundial que se lleva a cabo en la ciudad de Quito. Aqu\u00ed, la Ministra de Ambiente, Lorena Tapia fue elegida como Presidenta de este organismo mundial, un cargo que mantendr\u00e1 durante los pr\u00f3ximos 3 a\u00f1os.<\/p>\n<p style=\"margin-bottom: 0.35cm;\" align=\"JUSTIFY\">De esta forma, la M\u00e1xima Autoridad Ambiental de Ecuador deber\u00e1 asistir y dirigir las reuniones de la Conferencia de las Partes (COP), participar\u00e1 de los tratados que se lleven a cabo en estos encuentros y liderar\u00e1 la aprobaci\u00f3n de los mismos en miras a la conservaci\u00f3n de especies migratorias de animales silvestres.<\/p>\n<p style=\"margin-bottom: 0.35cm;\" align=\"JUSTIFY\">Esta es la primera vez que este importante evento se desarrollar\u00e1 en Am\u00e9rica Latina \u201cLa COP es la base para tomar decisiones. Este es el momento de tomar acciones, no es ma\u00f1ana, es ahora por eso estamos reunidos\u201d se\u00f1al\u00f3 Bradnee Chambers, Secretario Ejecutivo CMS.<\/p>\n<p style=\"margin-bottom: 0.35cm;\" align=\"JUSTIFY\">Por su parte la Ministra de Ambiente del Ecuador, Lorena Tapia, dijo que este evento es un hito hist\u00f3rico para el pa\u00eds. \u201cTenemos una oportunidad \u00fanica de generar pol\u00edticas, mecanismos y consensos de car\u00e1cter regional y mundial, en pro del cuidado de nuestros recursos naturales, generando as\u00ed una conciencia de conservaci\u00f3n\u201d dijo Lorena Tapia.<\/p>\n<p style=\"margin-bottom: 0.35cm;\" align=\"JUSTIFY\">La CMS tiene un papel preponderante en la conservaci\u00f3n de 117 especies en peligro de extinci\u00f3n incluidas en el Ap\u00e9ndice I de la Convenci\u00f3n. Busca adem\u00e1s conservar y restaurar los lugares donde viven estas especies, atenuando los obst\u00e1culos a la migraci\u00f3n y controlando otros factores que puedan ponerlas en peligro.<\/p>\n<p style=\"margin-bottom: 0.35cm;\" align=\"JUSTIFY\">El Ecuador como ejemplo a nivel mundial tiene el compromiso de garantizar la conservaci\u00f3n no solo de las especies migratorias sino de toda la biodiversidad y su patrimonio natural, reflejado en el plan nacional del buen vivir, que establece como uno de sus objetivos que para el a\u00f1o 2030, ya se habr\u00e1 establecido los mecanismos efectivos para conservar las especies silvestres, especialmente las especies amenazadas.<\/p>\n<p style=\"margin-bottom: 0.35cm;\" align=\"JUSTIFY\">Durante esta jornada de trabajo se evalu\u00f3 la implementaci\u00f3n del Plan Estrat\u00e9gico 2006 \u2013 2014, a partir del an\u00e1lisis de los resultados de su aplicaci\u00f3n, lo que permitir\u00e1 presentar el proyecto final del nuevo plan de acci\u00f3n que permitir\u00e1 consolidar los mecanismos de conservaci\u00f3n de especies migratorias para el per\u00edodo 2015 \u2013 2023.<\/p>\n<p style=\"margin-bottom: 0.35cm;\" align=\"JUSTIFY\">Este cargo que ostenta la Ministra Lorena Tapia, permitir\u00e1 viabilizar las 32 propuestas de inclusi\u00f3n en los ap\u00e9ndices de la CMS de varias especies migratorias de Vida Silvestre, en base a la experiencia del Ecuador en temas de protecci\u00f3n y conservaci\u00f3n del patrimonio natural nacional, a partir del reconocimiento de los Derechos de la Naturaleza, pilar fundamental en las discusiones de esta convenci\u00f3n.<\/p>\n","protected":false},"excerpt":{"rendered":"<p class=\"excerpt\">La elecci\u00f3n de autoridades de la Und\u00e9cima Conferencia de las Partes (COP, por sus siglas en ingles) sobre la Conservaci\u00f3n de Especies Migratorias de Animales Silvestres (CMS) fue uno de los puntos en el orden del d\u00eda en este encuentro mundial que se lleva a cabo en la ciudad de Quito. Aqu\u00ed, la Ministra de Ambiente, Lorena Tapia fue elegida&hellip; <a href=\"https:\/\/www.ambienteyenergia.gob.ec\/ambiente\/cms-escoge-a-ministra-lorena-tapia-como-presidenta-de-la-conferencia-de-las-partes\/\">Read more &rarr;<\/a><\/p>\n","protected":false},"author":13,"featured_media":23179,"comment_status":"open","ping_status":"open","sticky":false,"template":"","format":"standard","meta":{"footnotes":""},"categories":[16,4],"tags":[569,572,48,108,53],"class_list":["post-23178","post","type-post","status-publish","format-standard","has-post-thumbnail","hentry","category-comunicamos","category-noticias","tag-cms","tag-cop-11","tag-ecuador","tag-lorena-tapia","tag-mae","xfolkentry"],"_links":{"self":[{"href":"https:\/\/www.ambienteyenergia.gob.ec\/ambiente\/wp-json\/wp\/v2\/posts\/23178","targetHints":{"allow":["GET"]}}],"collection":[{"href":"https:\/\/www.ambienteyenergia.gob.ec\/ambiente\/wp-json\/wp\/v2\/posts"}],"about":[{"href":"https:\/\/www.ambienteyenergia.gob.ec\/ambiente\/wp-json\/wp\/v2\/types\/post"}],"author":[{"embeddable":true,"href":"https:\/\/www.ambienteyenergia.gob.ec\/ambiente\/wp-json\/wp\/v2\/users\/13"}],"replies":[{"embeddable":true,"href":"https:\/\/www.ambienteyenergia.gob.ec\/ambiente\/wp-json\/wp\/v2\/comments?post=23178"}],"version-history":[{"count":0,"href":"https:\/\/www.ambienteyenergia.gob.ec\/ambiente\/wp-json\/wp\/v2\/posts\/23178\/revisions"}],"wp:featuredmedia":[{"embeddable":true,"href":"https:\/\/www.ambienteyenergia.gob.ec\/ambiente\/wp-json\/wp\/v2\/media\/23179"}],"wp:attachment":[{"href":"https:\/\/www.ambienteyenergia.gob.ec\/ambiente\/wp-json\/wp\/v2\/media?parent=23178"}],"wp:term":[{"taxonomy":"category","embeddable":true,"href":"https:\/\/www.ambienteyenergia.gob.ec\/ambiente\/wp-json\/wp\/v2\/categories?post=23178"},{"taxonomy":"post_tag","embeddable":true,"href":"https:\/\/www.ambienteyenergia.gob.ec\/ambiente\/wp-json\/wp\/v2\/tags?post=23178"}],"curies":[{"name":"wp","href":"https:\/\/api.w.org\/{rel}","templated":true}]}}