{"id":23175,"date":"2014-11-04T18:29:58","date_gmt":"2014-11-04T23:29:58","guid":{"rendered":"http:\/\/www.ambiente.gob.ec\/?p=23175"},"modified":"2014-11-04T18:29:58","modified_gmt":"2014-11-04T23:29:58","slug":"programa-de-trabajo-de-las-rutas-migratorias-de-aves-en-las-americas-se-presento-en-la-cop-11","status":"publish","type":"post","link":"https:\/\/www.ambienteyenergia.gob.ec\/ambiente\/programa-de-trabajo-de-las-rutas-migratorias-de-aves-en-las-americas-se-presento-en-la-cop-11\/","title":{"rendered":"Programa de Trabajo de las Rutas Migratorias de Aves en las Am\u00e9ricas se present\u00f3 en la COP 11"},"content":{"rendered":"<p style=\"margin-bottom: 0cm;\" align=\"JUSTIFY\">En el marco de la XI Convenci\u00f3n sobre Conservaci\u00f3n de Especies Migratorias de Vida Silvestre (CMS), la organizaci\u00f3n Aves y Conservaci\u00f3n en conjunto con BirdLife Ecuador, presentaron hoy el nuevo Programa de Trabajo sobre Aves y Rutas Migratorias en las Am\u00e9ricas de la CMS.<\/p>\n<p style=\"margin-bottom: 0cm;\" align=\"JUSTIFY\">Ana \u00c1greda, punto focal ante la Convenci\u00f3n, inaugur\u00f3 el evento recalcando que Ecuador, es el cuarto pa\u00eds con mayor diversidad de aves en Sur Am\u00e9rica. \u201cExisten 1 596 especies de aves de las cuales 104 son migratorias\u201d se\u00f1al\u00f3 \u00c1rgeda.<\/p>\n<p style=\"margin-bottom: 0cm;\" align=\"JUSTIFY\">Las especies migratorias son vulnerables a una amplia variedad de amenazas, entre las que se incluyen la disminuci\u00f3n de los h\u00e1bitats en \u00e1reas de cr\u00eda, la caza excesiva a lo largo de las rutas migratorias, y la degradaci\u00f3n de sus \u00e1reas de forraje. Estas tienen que ver con la contaminaci\u00f3n como consecuencia de malas pr\u00e1cticas agr\u00edcolas y el desarrollo urbano as\u00ed como a la falta de conocimiento relacionado a los altos costos de monitoreo de especies.<\/p>\n<p style=\"margin-bottom: 0cm;\" align=\"JUSTIFY\">En el 2011, durante la COP10 de la CMS en Noruega, se adopt\u00f3 de manera un\u00e1nime la Resoluci\u00f3n 10.10, con la cual se estableci\u00f3 la <span lang=\"es-ES\"><i>Orientaci\u00f3n sobre la conservaci\u00f3n global de corredores a\u00e9reos y opciones para disposiciones pol\u00edticas<\/i><\/span><span lang=\"es-ES\">. <\/span><\/p>\n<p style=\"margin-bottom: 0cm;\" align=\"JUSTIFY\"><span lang=\"es-ES\">En ese contexto<\/span>, se desarroll\u00f3 el Programa de Trabajo sobre las aves migratorias y sus corredores a\u00e9reos 2014-2023 (PdT), que hoy se presenta. El Programa de Trabajo, que a la vez constituye el Anexo 1 de la Resoluci\u00f3n 10.10, tiene la finalidad de proveer un marco efectivo para proteger a las aves migratorias, sus ciclos de vida, h\u00e1bitats y adem\u00e1s fortalecer las sinergias entre instituciones que trabajan por las rutas migratorias a nivel mundial.<\/p>\n<p style=\"margin-bottom: 0cm;\" align=\"JUSTIFY\">En el marco del evento, Roberto Rogiero, Representante Comercial de Ecuasal present\u00f3 el Plan de Conservaci\u00f3n 2012 \u2013 2015 de la empresa, como ejemplo de iniciativa del sector privado que puede contribuir a la conservaci\u00f3n de aves migratorias.<\/p>\n<p style=\"margin-bottom: 0cm;\" align=\"JUSTIFY\">El Plan de Conservaci\u00f3n incluye medidas para incrementar la seguridad del \u00e1rea protegida, entrenamiento del personal de vigilancia, promoci\u00f3n de turismo responsable, infraestructura para la observaci\u00f3n de aves, entre otras.<\/p>\n<p style=\"margin-bottom: 0cm;\" align=\"JUSTIFY\">El Programa de Trabajo presentado, se enfoca en la mejora de la conectividad a trav\u00e9s de la gesti\u00f3n del h\u00e1bitat en la ruta migratoria y abordar las principales amenazas a la conservaci\u00f3n de especies de aves. Adicionalmente, tiene la finalidad de promover marco institucional para implementar acciones de sensibilizaci\u00f3n, incrementar el conocimiento, capacidades de reporte y monitoreo, y mejorar la distribuci\u00f3n de recursos para implementar el Programa de Trabajo.<\/p>\n<p style=\"margin-bottom: 0cm;\" align=\"JUSTIFY\">En la COP11 que actualmente se lleva a cabo en Quito, se espera promover el Programa de Trabajo, para ser adoptado como una prioridad de las Partes y grupos de inter\u00e9s relacionados. La intenci\u00f3n es apoyar en la creaci\u00f3n de mecanismos nacionales y recursos para su implementaci\u00f3n. En este encuentro internacional, se espera alcanzar nuevos acuerdos y estrategias orientadas a la conservaci\u00f3n de especies migratorias, incluyendo un mayor involucramiento del sector p\u00fablico y privado.<\/p>\n","protected":false},"excerpt":{"rendered":"<p class=\"excerpt\">En el marco de la XI Convenci\u00f3n sobre Conservaci\u00f3n de Especies Migratorias de Vida Silvestre (CMS), la organizaci\u00f3n Aves y Conservaci\u00f3n en conjunto con BirdLife Ecuador, presentaron hoy el nuevo Programa de Trabajo sobre Aves y Rutas Migratorias en las Am\u00e9ricas de la CMS. Ana \u00c1greda, punto focal ante la Convenci\u00f3n, inaugur\u00f3 el evento recalcando que Ecuador, es el cuarto&hellip; <a href=\"https:\/\/www.ambienteyenergia.gob.ec\/ambiente\/programa-de-trabajo-de-las-rutas-migratorias-de-aves-en-las-americas-se-presento-en-la-cop-11\/\">Read more &rarr;<\/a><\/p>\n","protected":false},"author":13,"featured_media":23176,"comment_status":"open","ping_status":"open","sticky":false,"template":"","format":"standard","meta":{"footnotes":""},"categories":[16,4],"tags":[569,572,48,108,53],"class_list":["post-23175","post","type-post","status-publish","format-standard","has-post-thumbnail","hentry","category-comunicamos","category-noticias","tag-cms","tag-cop-11","tag-ecuador","tag-lorena-tapia","tag-mae","xfolkentry"],"_links":{"self":[{"href":"https:\/\/www.ambienteyenergia.gob.ec\/ambiente\/wp-json\/wp\/v2\/posts\/23175","targetHints":{"allow":["GET"]}}],"collection":[{"href":"https:\/\/www.ambienteyenergia.gob.ec\/ambiente\/wp-json\/wp\/v2\/posts"}],"about":[{"href":"https:\/\/www.ambienteyenergia.gob.ec\/ambiente\/wp-json\/wp\/v2\/types\/post"}],"author":[{"embeddable":true,"href":"https:\/\/www.ambienteyenergia.gob.ec\/ambiente\/wp-json\/wp\/v2\/users\/13"}],"replies":[{"embeddable":true,"href":"https:\/\/www.ambienteyenergia.gob.ec\/ambiente\/wp-json\/wp\/v2\/comments?post=23175"}],"version-history":[{"count":0,"href":"https:\/\/www.ambienteyenergia.gob.ec\/ambiente\/wp-json\/wp\/v2\/posts\/23175\/revisions"}],"wp:featuredmedia":[{"embeddable":true,"href":"https:\/\/www.ambienteyenergia.gob.ec\/ambiente\/wp-json\/wp\/v2\/media\/23176"}],"wp:attachment":[{"href":"https:\/\/www.ambienteyenergia.gob.ec\/ambiente\/wp-json\/wp\/v2\/media?parent=23175"}],"wp:term":[{"taxonomy":"category","embeddable":true,"href":"https:\/\/www.ambienteyenergia.gob.ec\/ambiente\/wp-json\/wp\/v2\/categories?post=23175"},{"taxonomy":"post_tag","embeddable":true,"href":"https:\/\/www.ambienteyenergia.gob.ec\/ambiente\/wp-json\/wp\/v2\/tags?post=23175"}],"curies":[{"name":"wp","href":"https:\/\/api.w.org\/{rel}","templated":true}]}}