{"id":23163,"date":"2014-11-04T16:45:57","date_gmt":"2014-11-04T21:45:57","guid":{"rendered":"http:\/\/www.ambiente.gob.ec\/?p=23163"},"modified":"2014-11-04T16:45:57","modified_gmt":"2014-11-04T21:45:57","slug":"ecuador-y-costa-rica-proponen-medidas-internacionales-para-la-conservacion-del-tiburon-cabeza-de-martillo","status":"publish","type":"post","link":"https:\/\/www.ambienteyenergia.gob.ec\/ambiente\/ecuador-y-costa-rica-proponen-medidas-internacionales-para-la-conservacion-del-tiburon-cabeza-de-martillo\/","title":{"rendered":"Ecuador y Costa Rica proponen medidas internacionales para la conservaci\u00f3n del tibur\u00f3n cabeza de martillo"},"content":{"rendered":"<p style=\"text-align: justify;\">En el marco de la XI Conferencia de las Partes, de la Convenci\u00f3n sobre Especies Migratorias (CMS), que se desarrolla en Quito, los gobiernos de Ecuador y Costa Rica presentaron una propuesta para incluir al tibur\u00f3n martillo, con sus especies\u00a0com\u00fan (Sphyrna lewini),\u00a0y\u00a0gigante (Shyrna mokarran),\u00a0dentro del Ap\u00e9ndice II de esta convenci\u00f3n, para alcanzar acuerdos internacionales para la conservaci\u00f3n de estas especies con un alto valor ecol\u00f3gico.<\/p>\n<p style=\"text-align: justify;\">\nDurante el evento paralelo en el que participaron alrededor de 50 representantes de 120 pa\u00edses, se explic\u00f3 sobre la importancia de generar inter\u00e9s en los actores y gobiernos para la conservaci\u00f3n de esta especie.<\/p>\n<p style=\"text-align: justify;\">\nComo proponentes estuvieron los delegados del Ministerio del Ambiente de Costa Rica; Jos\u00e9 Joaqu\u00edn Calvo y Gina Guza, de Ecuador; Eduardo Espinoza del Parque Nacional Gal\u00e1pagos y Alex Hean de Estados Unidos.<\/p>\n<p style=\"text-align: justify;\">\n\u201cEn esta primera etapa los dos pa\u00edses hemos mostrado el inter\u00e9s para que la conservaci\u00f3n de esta especie se encuentre dentro de la convenci\u00f3n y esperamos pronto contar con el apoyo de m\u00e1s naciones\u201d, se\u00f1al\u00f3 Gina Guza de Costa Rica, quien adem\u00e1s explic\u00f3 que esta inclusi\u00f3n implica identificar las formas m\u00e1s viables para la protecci\u00f3n, desarrollos de proyectos de inversi\u00f3n y planes de manejo adecuados en pro del cuidado de esta especie migratoria.<\/p>\n<p style=\"text-align: justify;\">\nEl tibur\u00f3n martillo, que est\u00e1n dentro de la lista roja de especies en peligro de extinci\u00f3n de la Uni\u00f3n Internacional para la Conservaci\u00f3n de la Naturaleza (UICN), enfrenta una constante amenaza por diversas causas como las fluctuaciones de temperatura, salinidad y cambio clim\u00e1tico; as\u00ed como por la sobrepesca y comercio de sus aletas en el mercado internacional.<\/p>\n<p style=\"text-align: justify;\">\nLa Convenci\u00f3n sobre Especies Migratorias es un tratado internacional del Programa de las Naciones Unidas para la Protecci\u00f3n del Ambiente, que busca asegurar la supervivencia de las especies migratorias y sus h\u00e1bitats, a trav\u00e9s de la aplicaci\u00f3n de mecanismos locales e internacionales.<\/p>\n<p style=\"text-align: justify;\">\nLa CMS re\u00fane a los Estados por los que recorren los animales migratorios y establece las bases legales para medidas de conservaci\u00f3n coordinadas internacionalmente, mediante un \u00e1rea de migraci\u00f3n. A la reuni\u00f3n que se realizar\u00e1 en Quito del 4 al 9 de noviembre, asistir\u00e1n los delegados de m\u00e1s de 120 pa\u00edses, de los cuales se espera el voto a favor para poder incluir al tibur\u00f3n martillo en el Ap\u00e9ndice II, de la Convenci\u00f3n, e incidir en las pol\u00edticas mundiales para su conservaci\u00f3n.<\/p>\n","protected":false},"excerpt":{"rendered":"<p class=\"excerpt\">En el marco de la XI Conferencia de las Partes, de la Convenci\u00f3n sobre Especies Migratorias (CMS), que se desarrolla en Quito, los gobiernos de Ecuador y Costa Rica presentaron una propuesta para incluir al tibur\u00f3n martillo, con sus especies\u00a0com\u00fan (Sphyrna lewini),\u00a0y\u00a0gigante (Shyrna mokarran),\u00a0dentro del Ap\u00e9ndice II de esta convenci\u00f3n, para alcanzar acuerdos internacionales para la conservaci\u00f3n de estas especies&hellip; <a href=\"https:\/\/www.ambienteyenergia.gob.ec\/ambiente\/ecuador-y-costa-rica-proponen-medidas-internacionales-para-la-conservacion-del-tiburon-cabeza-de-martillo\/\">Read more &rarr;<\/a><\/p>\n","protected":false},"author":13,"featured_media":23164,"comment_status":"open","ping_status":"open","sticky":false,"template":"","format":"standard","meta":{"footnotes":""},"categories":[16,4],"tags":[],"class_list":["post-23163","post","type-post","status-publish","format-standard","has-post-thumbnail","hentry","category-comunicamos","category-noticias","xfolkentry"],"_links":{"self":[{"href":"https:\/\/www.ambienteyenergia.gob.ec\/ambiente\/wp-json\/wp\/v2\/posts\/23163","targetHints":{"allow":["GET"]}}],"collection":[{"href":"https:\/\/www.ambienteyenergia.gob.ec\/ambiente\/wp-json\/wp\/v2\/posts"}],"about":[{"href":"https:\/\/www.ambienteyenergia.gob.ec\/ambiente\/wp-json\/wp\/v2\/types\/post"}],"author":[{"embeddable":true,"href":"https:\/\/www.ambienteyenergia.gob.ec\/ambiente\/wp-json\/wp\/v2\/users\/13"}],"replies":[{"embeddable":true,"href":"https:\/\/www.ambienteyenergia.gob.ec\/ambiente\/wp-json\/wp\/v2\/comments?post=23163"}],"version-history":[{"count":0,"href":"https:\/\/www.ambienteyenergia.gob.ec\/ambiente\/wp-json\/wp\/v2\/posts\/23163\/revisions"}],"wp:featuredmedia":[{"embeddable":true,"href":"https:\/\/www.ambienteyenergia.gob.ec\/ambiente\/wp-json\/wp\/v2\/media\/23164"}],"wp:attachment":[{"href":"https:\/\/www.ambienteyenergia.gob.ec\/ambiente\/wp-json\/wp\/v2\/media?parent=23163"}],"wp:term":[{"taxonomy":"category","embeddable":true,"href":"https:\/\/www.ambienteyenergia.gob.ec\/ambiente\/wp-json\/wp\/v2\/categories?post=23163"},{"taxonomy":"post_tag","embeddable":true,"href":"https:\/\/www.ambienteyenergia.gob.ec\/ambiente\/wp-json\/wp\/v2\/tags?post=23163"}],"curies":[{"name":"wp","href":"https:\/\/api.w.org\/{rel}","templated":true}]}}