{"id":23154,"date":"2014-11-04T12:10:59","date_gmt":"2014-11-04T17:10:59","guid":{"rendered":"http:\/\/www.ambiente.gob.ec\/?p=23154"},"modified":"2014-11-04T12:10:59","modified_gmt":"2014-11-04T17:10:59","slug":"ecuador-es-un-excelente-ejemplo-de-conservacion-de-especies-migratorias-reconocio-chambers-en-rueda-de-prensa","status":"publish","type":"post","link":"https:\/\/www.ambienteyenergia.gob.ec\/ambiente\/ecuador-es-un-excelente-ejemplo-de-conservacion-de-especies-migratorias-reconocio-chambers-en-rueda-de-prensa\/","title":{"rendered":"Ecuador es un excelente ejemplo de conservaci\u00f3n de especies migratorias, reconoci\u00f3 Chambers en rueda de prensa"},"content":{"rendered":"<p style=\"text-align: justify;\">Hoy, en rueda de prensa se dio inicio a la XI Convenci\u00f3n sobre Conservaci\u00f3n de Especies Migratorias de Vida Silvestre (CMS), que este a\u00f1o tiene como sede Ecuador, primer pa\u00eds de la regi\u00f3n en acoger este evento ambiental de importancia mundial, en el que se discutir\u00e1n temas relacionados a la conservaci\u00f3n\u00a0 y protecci\u00f3n de varias especies migratorias de inter\u00e9s mundial.<\/p>\n<p style=\"text-align: justify;\">Durante este evento que cont\u00f3 con la participaci\u00f3n de Lorena Tapia, Ministra del Ambiente de Ecuador; Bradnee Chambers, Secretario Ejecutivo de la\u00a0 CMS; No\u00ebl Nelson, Ministro de Medio Ambiente de Gab\u00f3n; John Scanlon, Secretario General de CITES; Philippe Cousteau, Defensor del Medio Ambiente, y Azzedine Downes, Presidente y CEO del IFAW se destac\u00f3 la importancia de esta convenci\u00f3n que busca sumar esfuerzos de car\u00e1cter mundial en favor de las especies migratorias que actualmente se encuentran en peligro de extinci\u00f3n por la p\u00e9rdida de su h\u00e1bitat natural, afectaci\u00f3n a sus senderos migratorios y a la caza ilegal.<\/p>\n<p style=\"text-align: justify;\">Durante su intervenci\u00f3n la M\u00e1xima Autoridad Ambiental Nacional reconoci\u00f3 que esta Convenci\u00f3n en una gran oportunidad que tiene el pa\u00eds para demostrar el compromiso ambiental del Gobierno Nacional que busca posicionar el desarrollo social sostenible, a trav\u00e9s de la aplicaci\u00f3n de pol\u00edticas sociales equilibradas. \u201cEcuador impulsa el Plan Nacional del Buen Vivir como eje fundamental en el desarrollo humano, como una forma arm\u00f3nica de convivencia con nuestro entorno natural\u201d.<\/p>\n<p style=\"text-align: justify;\">Por su parte Chambers destac\u00f3 a nuestro pa\u00eds como un excelente ejemplo de conservaci\u00f3n de especies migratorias, a trav\u00e9s de la aplicaci\u00f3n de estrategias ambientales que aportan a la protecci\u00f3n de especies que transitan por el territorio ecuatoriano, lo cual garantiza la supervivencia de estos espec\u00edmenes de vida silvestre.<\/p>\n<p style=\"text-align: justify;\">\u201cLa Conferencia de las Partes de la CMS ofrece una oportunidad importante para impulsar la conservaci\u00f3n de algunas especies de aves, mam\u00edferos, peces y reptiles gravemente amenazados. La propuesta de inclusi\u00f3n en esta Convenci\u00f3n de 21 especies de tiburones y rayas refleja el inter\u00e9s de un n\u00famero creciente de pa\u00edses para promover la recuperaci\u00f3n de estas especies vulnerables desde el punto de vista biol\u00f3gico y de importancia ecol\u00f3gica\u201d, puntualiz\u00f3 Chambers.<\/p>\n<p style=\"text-align: justify;\">Durante esta jornada ambiental de alto nivel se propondr\u00e1 la inclusi\u00f3n de 32 nuevas propuestas de inscripci\u00f3n en los ap\u00e9ndices de la CMS, mecanismos que buscan garantizar la protecci\u00f3n de las especies m\u00e1s amenazadas del planeta, por medio del desarrollo, aplicaci\u00f3n y ejecuci\u00f3n de pol\u00edticas de conservaci\u00f3n de car\u00e1cter nacional, regional y mundial.<\/p>\n<p style=\"text-align: justify;\">\nEl defensor del medio ambiente Philippe Cousteau subray\u00f3 que se debe enfatizar sobre la importancia de este tipo de iniciativas de car\u00e1cter global con el objetivo de buscar diferentes mecanismos de cooperaci\u00f3n internacional. \u201cEstas especies no solo se pueden proteger solo a nivel nacional, son especies migratorias que cruzan fronteras, y es muy importante que todos los pa\u00edses colaboren en su conservaci\u00f3n\u201d.<\/p>\n<p style=\"text-align: justify;\">\n\u201cEsta reuni\u00f3n es una oportunidad excelente para la protecci\u00f3n de muchas especies y adem\u00e1s para forjar alianzas entre los pa\u00edses y tambi\u00e9n con la sociedad civil, con el objetivo de poder contribuir a solucionar otros problemas muy graves que est\u00e1n afectando a muchas de estas especies como por ejemplo el cambio clim\u00e1tico, la contaminaci\u00f3n de los mares, entre otros\u201d, recalc\u00f3 Cousteau.<\/p>\n<p style=\"text-align: justify;\">\nAl finalizar la rueda de prensa, la Ministra Tapia insisti\u00f3 en que esta convenci\u00f3n busca demostrar al mundo el gran compromiso ambiental que re\u00fane a m\u00e1s de 600 delegados de cerca de 120 pa\u00edses por proteger el recurso m\u00e1s importante que la humanidad posee: la naturaleza.<\/p>\n","protected":false},"excerpt":{"rendered":"<p class=\"excerpt\">Hoy, en rueda de prensa se dio inicio a la XI Convenci\u00f3n sobre Conservaci\u00f3n de Especies Migratorias de Vida Silvestre (CMS), que este a\u00f1o tiene como sede Ecuador, primer pa\u00eds de la regi\u00f3n en acoger este evento ambiental de importancia mundial, en el que se discutir\u00e1n temas relacionados a la conservaci\u00f3n\u00a0 y protecci\u00f3n de varias especies migratorias de inter\u00e9s mundial.&hellip; <a href=\"https:\/\/www.ambienteyenergia.gob.ec\/ambiente\/ecuador-es-un-excelente-ejemplo-de-conservacion-de-especies-migratorias-reconocio-chambers-en-rueda-de-prensa\/\">Read more &rarr;<\/a><\/p>\n","protected":false},"author":13,"featured_media":23155,"comment_status":"open","ping_status":"open","sticky":false,"template":"","format":"standard","meta":{"footnotes":""},"categories":[16,4,10],"tags":[],"class_list":["post-23154","post","type-post","status-publish","format-standard","has-post-thumbnail","hentry","category-comunicamos","category-noticias","category-noticias-destacadas","xfolkentry"],"_links":{"self":[{"href":"https:\/\/www.ambienteyenergia.gob.ec\/ambiente\/wp-json\/wp\/v2\/posts\/23154","targetHints":{"allow":["GET"]}}],"collection":[{"href":"https:\/\/www.ambienteyenergia.gob.ec\/ambiente\/wp-json\/wp\/v2\/posts"}],"about":[{"href":"https:\/\/www.ambienteyenergia.gob.ec\/ambiente\/wp-json\/wp\/v2\/types\/post"}],"author":[{"embeddable":true,"href":"https:\/\/www.ambienteyenergia.gob.ec\/ambiente\/wp-json\/wp\/v2\/users\/13"}],"replies":[{"embeddable":true,"href":"https:\/\/www.ambienteyenergia.gob.ec\/ambiente\/wp-json\/wp\/v2\/comments?post=23154"}],"version-history":[{"count":0,"href":"https:\/\/www.ambienteyenergia.gob.ec\/ambiente\/wp-json\/wp\/v2\/posts\/23154\/revisions"}],"wp:featuredmedia":[{"embeddable":true,"href":"https:\/\/www.ambienteyenergia.gob.ec\/ambiente\/wp-json\/wp\/v2\/media\/23155"}],"wp:attachment":[{"href":"https:\/\/www.ambienteyenergia.gob.ec\/ambiente\/wp-json\/wp\/v2\/media?parent=23154"}],"wp:term":[{"taxonomy":"category","embeddable":true,"href":"https:\/\/www.ambienteyenergia.gob.ec\/ambiente\/wp-json\/wp\/v2\/categories?post=23154"},{"taxonomy":"post_tag","embeddable":true,"href":"https:\/\/www.ambienteyenergia.gob.ec\/ambiente\/wp-json\/wp\/v2\/tags?post=23154"}],"curies":[{"name":"wp","href":"https:\/\/api.w.org\/{rel}","templated":true}]}}