{"id":23151,"date":"2014-11-03T16:36:47","date_gmt":"2014-11-03T21:36:47","guid":{"rendered":"http:\/\/www.ambiente.gob.ec\/?p=23151"},"modified":"2014-11-03T16:36:47","modified_gmt":"2014-11-03T21:36:47","slug":"ministra-lorena-tapia-presidio-panel-ministerial-de-alto-nivel-sobre-derechos-de-la-naturaleza","status":"publish","type":"post","link":"https:\/\/www.ambienteyenergia.gob.ec\/ambiente\/ministra-lorena-tapia-presidio-panel-ministerial-de-alto-nivel-sobre-derechos-de-la-naturaleza\/","title":{"rendered":"Ministra Lorena Tapia presidi\u00f3 Panel Ministerial de Alto Nivel sobre Derechos de la Naturaleza"},"content":{"rendered":"<p style=\"margin-bottom: 0.35cm; line-height: 150%;\" align=\"JUSTIFY\"><span lang=\"es-ES\">En el marco de la 11<\/span><sup><span lang=\"es-ES\">\u00aa<\/span><\/sup><span lang=\"es-ES\"> Reuni\u00f3n de la Conferencia de las Partes (COP 11) de la Convenci\u00f3n sobre la Conservaci\u00f3n de las Especies Migratorias de Animales Silvestres (CMS), hoy se desarroll\u00f3 el <\/span>Panel Ministerial de Alto Nivel \u201cUniendo los Derechos de la Naturaleza y la Econom\u00eda Ecol\u00f3gica: B\u00fasqueda de las soluciones para protecci\u00f3n de la vida silvestre internacional\u201d.<\/p>\n<p style=\"margin-bottom: 0.35cm; line-height: 150%;\" align=\"JUSTIFY\">La Ministra del Ambiente, Lorena Tapia, en nombre del Presidente de la Rep\u00fablica del Ecuador, Rafael Correa, fue la encargada de dar la bienvenida a los panelistas de alto nivel que acudieron al encuentro. Adem\u00e1s, en su intervenci\u00f3n destac\u00f3 varios hitos en materia ambiental como la construcci\u00f3n de pol\u00edticas, estrategias y normas que permiten llevar a la pr\u00e1ctica el cumplimiento de los Derechos de la Naturaleza, siendo el Ecuador el primer pa\u00eds a nivel mundial en reconocerlos en la Constituci\u00f3n de la Rep\u00fablica.<\/p>\n<p style=\"margin-bottom: 0.35cm; line-height: 150%;\" align=\"JUSTIFY\">En su discurso la Secretaria de Estado, afirm\u00f3 que la pol\u00edtica p\u00fablica ecuatoriana se configura estrat\u00e9gicamente a trav\u00e9s del Plan Nacional del Buen Vivir que incluye una visi\u00f3n integral del desarrollo econ\u00f3mico y social de los ciudadanos, siendo respetuosos con los recursos naturales y promoviendo la sostenibilidad ambiental territorial y global. \u201cTrabajamos diariamente en establecer pol\u00edticas que nos permitan fortalecer nuestra gesti\u00f3n y llevar a la pr\u00e1ctica acciones concretas que lleven a la consecuci\u00f3n de los Derechos de la Naturaleza\u201d.<\/p>\n<p style=\"margin-bottom: 0.35cm; line-height: 150%;\" align=\"JUSTIFY\">Por su parte, el Secretario Ejecutivo de la CMS, Brandee Chambers, resalt\u00f3 la importancia de este encuentro, \u201ces la primera vez que se debate en un foro como \u00e9ste y de una manera global varios enfoques sobre la los lineamientos sobre la aplicaci\u00f3n de una econom\u00eda verde relacionada al respeto de los Derechos de la Naturaleza\u201d.<\/p>\n<p style=\"margin-bottom: 0.35cm; line-height: 150%;\" align=\"JUSTIFY\">El debate cont\u00f3 con la intervenci\u00f3n del experto ambiental, Steven W. Stone, quien puntualiz\u00f3 que \u201cla econom\u00eda verde es la econom\u00eda del futuro, nosotros somos los encargados de lograr un cambio en el paradigma para mejorar el bienestar del ser humano y la equidad social, reduciendo de esta manera los riesgos ambientales y ecol\u00f3gicos\u201d. Enfatiz\u00f3, adem\u00e1s, en la importancia de solicitar a las instituciones financieras internacionales que formen parte en resolver la problem\u00e1tica de la conservaci\u00f3n.<\/p>\n<p style=\"margin-bottom: 0cm; line-height: 100%;\">\n<p style=\"margin-bottom: 0.35cm; line-height: 150%;\" align=\"JUSTIFY\">Durante el Panel Ministerial se discuti\u00f3 sobre la importancia de una econom\u00eda verde que fomente el desarrollo humano y natural sostenible, a partir de las experiencias locales en materia de aplicaci\u00f3n de estrategias ambientales con enfoque pol\u00edtico-social que contribuyen a mejorar la calidad de vida de los ciudadanos sin descuidar la protecci\u00f3n de ecosistemas fr\u00e1giles a nivel mundial.<\/p>\n<p style=\"margin-bottom: 0.35cm; line-height: 150%;\" align=\"JUSTIFY\">Al finalizar esta jornada de trabajo, la Ministra del Ambiente, Lorena Tapia, agradeci\u00f3 a los panelistas por los aportes y los nuevos planteamientos que se convertir\u00e1n en resoluciones y acciones pr\u00e1cticas para demostrar que si es posible un modelo de desarrollo humano que mire a la naturaleza como un eje transversal y que sea un factor que fortalezca el desarrollo.<\/p>\n<p style=\"margin-bottom: 0.35cm; line-height: 150%;\" align=\"JUSTIFY\">La preocupaci\u00f3n mundial por la conservaci\u00f3n de nuestro patrimonio natural, son parte de este nueva estructura de desarrollo en una sociedad ecol\u00f3gica que demanda a los gobiernos de turno mejores condiciones de vida en un ambiente saludable.<\/p>\n","protected":false},"excerpt":{"rendered":"<p class=\"excerpt\">En el marco de la 11\u00aa Reuni\u00f3n de la Conferencia de las Partes (COP 11) de la Convenci\u00f3n sobre la Conservaci\u00f3n de las Especies Migratorias de Animales Silvestres (CMS), hoy se desarroll\u00f3 el Panel Ministerial de Alto Nivel \u201cUniendo los Derechos de la Naturaleza y la Econom\u00eda Ecol\u00f3gica: B\u00fasqueda de las soluciones para protecci\u00f3n de la vida silvestre internacional\u201d. La&hellip; <a href=\"https:\/\/www.ambienteyenergia.gob.ec\/ambiente\/ministra-lorena-tapia-presidio-panel-ministerial-de-alto-nivel-sobre-derechos-de-la-naturaleza\/\">Read more &rarr;<\/a><\/p>\n","protected":false},"author":13,"featured_media":23152,"comment_status":"open","ping_status":"open","sticky":false,"template":"","format":"standard","meta":{"footnotes":""},"categories":[16,4],"tags":[569,570,48,108,53,571],"class_list":["post-23151","post","type-post","status-publish","format-standard","has-post-thumbnail","hentry","category-comunicamos","category-noticias","tag-cms","tag-cop","tag-ecuador","tag-lorena-tapia","tag-mae","tag-panel-de-alto-nivel","xfolkentry"],"_links":{"self":[{"href":"https:\/\/www.ambienteyenergia.gob.ec\/ambiente\/wp-json\/wp\/v2\/posts\/23151","targetHints":{"allow":["GET"]}}],"collection":[{"href":"https:\/\/www.ambienteyenergia.gob.ec\/ambiente\/wp-json\/wp\/v2\/posts"}],"about":[{"href":"https:\/\/www.ambienteyenergia.gob.ec\/ambiente\/wp-json\/wp\/v2\/types\/post"}],"author":[{"embeddable":true,"href":"https:\/\/www.ambienteyenergia.gob.ec\/ambiente\/wp-json\/wp\/v2\/users\/13"}],"replies":[{"embeddable":true,"href":"https:\/\/www.ambienteyenergia.gob.ec\/ambiente\/wp-json\/wp\/v2\/comments?post=23151"}],"version-history":[{"count":0,"href":"https:\/\/www.ambienteyenergia.gob.ec\/ambiente\/wp-json\/wp\/v2\/posts\/23151\/revisions"}],"wp:featuredmedia":[{"embeddable":true,"href":"https:\/\/www.ambienteyenergia.gob.ec\/ambiente\/wp-json\/wp\/v2\/media\/23152"}],"wp:attachment":[{"href":"https:\/\/www.ambienteyenergia.gob.ec\/ambiente\/wp-json\/wp\/v2\/media?parent=23151"}],"wp:term":[{"taxonomy":"category","embeddable":true,"href":"https:\/\/www.ambienteyenergia.gob.ec\/ambiente\/wp-json\/wp\/v2\/categories?post=23151"},{"taxonomy":"post_tag","embeddable":true,"href":"https:\/\/www.ambienteyenergia.gob.ec\/ambiente\/wp-json\/wp\/v2\/tags?post=23151"}],"curies":[{"name":"wp","href":"https:\/\/api.w.org\/{rel}","templated":true}]}}