{"id":23149,"date":"2014-11-03T14:48:49","date_gmt":"2014-11-03T19:48:49","guid":{"rendered":"http:\/\/www.ambiente.gob.ec\/?p=23149"},"modified":"2014-11-03T14:48:49","modified_gmt":"2014-11-03T19:48:49","slug":"philippe-cousteau-exalta-liderazgo-de-ecuador-en-materia-ambiental-al-reconocer-los-derechos-de-la-naturaleza","status":"publish","type":"post","link":"https:\/\/www.ambienteyenergia.gob.ec\/ambiente\/philippe-cousteau-exalta-liderazgo-de-ecuador-en-materia-ambiental-al-reconocer-los-derechos-de-la-naturaleza\/","title":{"rendered":"Philippe Cousteau exalta liderazgo de Ecuador en materia ambiental al reconocer los Derechos de la Naturaleza"},"content":{"rendered":"<p style=\"margin-bottom: 0.28cm;\" align=\"JUSTIFY\">En el desarrollo de la XI Convenci\u00f3n sobre la Conservaci\u00f3n de Especies Migratorias de Animales Silvestres (CMS) que se desarrolla en Quito, Philippe Cousteau cofundador de Earthecho Internacional, destac\u00f3 que Ecuador es un referente a nivel mundial en materia de conservaci\u00f3n y protecci\u00f3n de la naturaleza, en la aplicabilidad de pol\u00edticas socio-ambientales que garantizan el cuidado de especies migratorias silvestres.<\/p>\n<p style=\"margin-bottom: 0.28cm;\" align=\"JUSTIFY\">\u201cEcuador debe estar orgulloso de la labor ambiental que ha consolidado en estos \u00faltimos a\u00f1os, gracias al compromiso del Gobierno Nacional, que ha reconocido por primera vez en su constituci\u00f3n los Derechos de la Naturaleza y los ha consolidado a trav\u00e9s de la aplicaci\u00f3n de pol\u00edticas p\u00fablicas que buscan fortalecer las acciones de protecci\u00f3n de espec\u00edmenes de vida silvestre de importancia local y mundial\u201d, reconoci\u00f3 Cousteau.<\/p>\n<p style=\"margin-bottom: 0.28cm;\" align=\"JUSTIFY\">Ecuador se ha convertido en la actualidad en un referente mundial en materia de protecci\u00f3n de vida silvestre, debido principalmente a los logros pol\u00edtico-ambientales que desde hace ocho a\u00f1os se han conseguido, gracias al compromiso del Gobierno Nacional por conservar el patrimonio natural nacional por medio de la ejecuci\u00f3n de planes de acci\u00f3n y estrategias nacionales de conservaci\u00f3n de vida silvestre.<\/p>\n<p style=\"margin-bottom: 0.28cm;\" align=\"JUSTIFY\">Por otro lado, la Ministra del Ambiente de Ecuador, Lorena Tapia N\u00fa\u00f1ez, reconoci\u00f3 que este evento se constituye como es una gran oportunidad para demostrar a todos los pa\u00edses signatarios los avances de Ecuador en materia ambiental, a trav\u00e9s de sus proyectos emblem\u00e1ticos y programas nacionales de conservaci\u00f3n, protecci\u00f3n y restauraci\u00f3n. \u201cEsta es una oportunidad \u00fanica para trabajar mundialmente en favor de la conservaci\u00f3n de especies migratorias \u00fanicas en el mundo, que actualmente se encuentran en peligro de extinci\u00f3n\u201d.<\/p>\n<p style=\"margin-bottom: 0.28cm;\" align=\"JUSTIFY\">La inclusi\u00f3n de los Derechos de la Naturaleza en la Constituci\u00f3n Pol\u00edtica se enmarcan en el desarrollo de la Planificaci\u00f3n de una Sociedad del Buen Vivir, por medio de la aplicaci\u00f3n de estrategias nacionales como el cambio de la matriz productiva y energ\u00e9tica que tiene como objetivo la conservaci\u00f3n de los recursos naturales nacionales.<\/p>\n<p style=\"margin-bottom: 0.28cm;\" align=\"JUSTIFY\">El Ministerio del Ambiente de Ecuador (MAE), cuenta actualmente con 8 Planes de Acci\u00f3n y Estrategias Nacionales de Conservaci\u00f3n de vida silvestre, desarrolladas con el objetivo de garantizar la protecci\u00f3n y conservaci\u00f3n de especies migratorias que transitan por nuestro territorio continental y marino; entre ellas: aves, tortugas, murci\u00e9lagos, mariposas y tiburones.<\/p>\n<p style=\"margin-bottom: 0.28cm;\" align=\"JUSTIFY\">Este evento de car\u00e1cter mundial es el primero que se realiza en Ecuador, con el af\u00e1n de discutir sobre los problemas ambientales actuales como una necesidad para buscar y ejecutar mecanismos regionales y mundiales de conservaci\u00f3n, especialmente de especies marinas y sus ecosistemas, as\u00ed como tambi\u00e9n de mam\u00edferos, aves y reptiles.<\/p>\n<p style=\"margin-bottom: 0.28cm;\" align=\"JUSTIFY\">El d\u00eda de hoy se tiene previsto que se realice el Panel Ministerial de Alto Nivel: \u201cUniendo los Derechos de la Naturaleza y la Econom\u00eda Ecol\u00f3gica: busque de soluciones para la protecciones de vida silvestre internacional\u201d en el que se discutir\u00e1n posibles mecanismos de aplicaci\u00f3n regional y mundial, a trav\u00e9s de experiencias locales de conservaci\u00f3n y desarrollo social sostenible.<\/p>\n","protected":false},"excerpt":{"rendered":"<p class=\"excerpt\">En el desarrollo de la XI Convenci\u00f3n sobre la Conservaci\u00f3n de Especies Migratorias de Animales Silvestres (CMS) que se desarrolla en Quito, Philippe Cousteau cofundador de Earthecho Internacional, destac\u00f3 que Ecuador es un referente a nivel mundial en materia de conservaci\u00f3n y protecci\u00f3n de la naturaleza, en la aplicabilidad de pol\u00edticas socio-ambientales que garantizan el cuidado de especies migratorias silvestres.&hellip; <a href=\"https:\/\/www.ambienteyenergia.gob.ec\/ambiente\/philippe-cousteau-exalta-liderazgo-de-ecuador-en-materia-ambiental-al-reconocer-los-derechos-de-la-naturaleza\/\">Read more &rarr;<\/a><\/p>\n","protected":false},"author":13,"featured_media":22830,"comment_status":"open","ping_status":"open","sticky":false,"template":"","format":"standard","meta":{"footnotes":""},"categories":[16,4],"tags":[569,48,108,53,568],"class_list":["post-23149","post","type-post","status-publish","format-standard","has-post-thumbnail","hentry","category-comunicamos","category-noticias","tag-cms","tag-ecuador","tag-lorena-tapia","tag-mae","tag-xi-cop","xfolkentry"],"_links":{"self":[{"href":"https:\/\/www.ambienteyenergia.gob.ec\/ambiente\/wp-json\/wp\/v2\/posts\/23149","targetHints":{"allow":["GET"]}}],"collection":[{"href":"https:\/\/www.ambienteyenergia.gob.ec\/ambiente\/wp-json\/wp\/v2\/posts"}],"about":[{"href":"https:\/\/www.ambienteyenergia.gob.ec\/ambiente\/wp-json\/wp\/v2\/types\/post"}],"author":[{"embeddable":true,"href":"https:\/\/www.ambienteyenergia.gob.ec\/ambiente\/wp-json\/wp\/v2\/users\/13"}],"replies":[{"embeddable":true,"href":"https:\/\/www.ambienteyenergia.gob.ec\/ambiente\/wp-json\/wp\/v2\/comments?post=23149"}],"version-history":[{"count":0,"href":"https:\/\/www.ambienteyenergia.gob.ec\/ambiente\/wp-json\/wp\/v2\/posts\/23149\/revisions"}],"wp:featuredmedia":[{"embeddable":true,"href":"https:\/\/www.ambienteyenergia.gob.ec\/ambiente\/wp-json\/wp\/v2\/media\/22830"}],"wp:attachment":[{"href":"https:\/\/www.ambienteyenergia.gob.ec\/ambiente\/wp-json\/wp\/v2\/media?parent=23149"}],"wp:term":[{"taxonomy":"category","embeddable":true,"href":"https:\/\/www.ambienteyenergia.gob.ec\/ambiente\/wp-json\/wp\/v2\/categories?post=23149"},{"taxonomy":"post_tag","embeddable":true,"href":"https:\/\/www.ambienteyenergia.gob.ec\/ambiente\/wp-json\/wp\/v2\/tags?post=23149"}],"curies":[{"name":"wp","href":"https:\/\/api.w.org\/{rel}","templated":true}]}}