{"id":23146,"date":"2014-10-31T17:24:17","date_gmt":"2014-10-31T22:24:17","guid":{"rendered":"http:\/\/www.ambiente.gob.ec\/?p=23146"},"modified":"2014-11-04T15:29:42","modified_gmt":"2014-11-04T20:29:42","slug":"mae-participo-en-la-conferencia-sobre-politicas-publicas-de-cambio-climatico-en-el-ecuador","status":"publish","type":"post","link":"https:\/\/www.ambienteyenergia.gob.ec\/ambiente\/mae-participo-en-la-conferencia-sobre-politicas-publicas-de-cambio-climatico-en-el-ecuador\/","title":{"rendered":"MAE particip\u00f3 en la conferencia  sobre pol\u00edticas p\u00fablicas de cambio clim\u00e1tico en el Ecuador"},"content":{"rendered":"<p style=\"text-align: justify;\">Este martes, el Subsecretario de Cambio Clim\u00e1tico, Andr\u00e9s Hubenthal, ofreci\u00f3 una conferencia sobre \u201cPol\u00edticas P\u00fablicas de Cambio Clim\u00e1tico\u201d, en el marco del Ciclo de Conferencias Anuales, organizado por el Consejo Empresarial para el Desarrollo Sostenible en el Ecuador (Cemdes), en conjunto con la Primera Escuela de Negocios del Ecuador (ESPAE), en Guayaquil.<\/p>\n<p style=\"text-align: justify;\">\nEste ciclo de conferencias, organizada por quinto a\u00f1o consecutivo, constituye un espacio para compartir experiencias de buenas pr\u00e1cticas empresariales e institucionales desde los distintos \u00e1mbitos y sectores del pa\u00eds. La presentaci\u00f3n se desarroll\u00f3 en el marco de un desayuno que reuni\u00f3 a empresarios, delegados de las instituciones p\u00fablicas de las diferentes carteras de estado, estudiantes de la Escuela de Negocios de la ESPOL y representantes de la sociedad civil.<\/p>\n<p style=\"text-align: justify;\">\nEn este contexto, el Subsecretario present\u00f3 el marco pol\u00edtico regulatorio y gesti\u00f3n del Ecuador frente al cambio clim\u00e1tico recalcando el car\u00e1cter transversal de la problem\u00e1tica.<\/p>\n<p style=\"text-align: justify;\">Cada sector cuenta con un \u00e1mbito de competencias que incide sobre la emisi\u00f3n de gases de efecto invernadero (GEI), y por lo tanto, una respuesta efectiva requiere de la participaci\u00f3n activa de las entidades representantes de cada \u00e1mbito. En ese sentido, la Subsecretar\u00eda de Cambio Clim\u00e1tico ha desarrollado instrumentos que permiten transversalizar la gesti\u00f3n para prepararse y responder de mejor manera a los impactos del fen\u00f3meno clim\u00e1tico.<\/p>\n<p style=\"text-align: justify;\">\nEl Subsecretario mencion\u00f3 cinco instrumentos fundamentales. En primer lugar, el Comit\u00e9 Interinstitucional de Cambio Clim\u00e1tico, el cual funciona como una plataforma intersectorial para el desarrollo de pol\u00edticas nacionales y locales. La Estrategia Nacional de Cambio Clim\u00e1tico, como el marco referencial para alcanzar metas a corto, mediano y largo plazo, esta estrategia define a la mitigaci\u00f3n y la adaptaci\u00f3n como los dos ejes estrat\u00e9gicos de la gesti\u00f3n. De manera alineada a la misma, existe el Plan Nacional de Cambio Clim\u00e1tico, que permite desarrollar las medidas concretas por cada uno de los sectores vulnerables al fen\u00f3meno clim\u00e1tico: ecosistemas, agua, energ\u00eda y agricultura.<\/p>\n<p style=\"text-align: justify;\">\nCon el fin de transversaliar la gesti\u00f3n a nivel territorial, la Subsecretar\u00eda public\u00f3 la Gu\u00eda T\u00e9cnica para Incorporar el Cambio Clim\u00e1tico en la Planificaci\u00f3n Local, que permite articular los esfuerzos con los Gobiernos Aut\u00f3nomos Descentralizados (GAD).<\/p>\n<p style=\"text-align: justify;\">\nPor \u00faltimo, esta Cartera de Estado present\u00f3 el pasado 22 de octubre el Reconocimiento Ecuatoriano Ambiental Carbono Neutral, instrumento que permitir\u00e1 fortalecer el trabajo conjunto entre el sector p\u00fablico y privado con el fin de promover pr\u00e1cticas ambientalmente responsables en el sector productiva e industrial.<\/p>\n","protected":false},"excerpt":{"rendered":"<p class=\"excerpt\">Este martes, el Subsecretario de Cambio Clim\u00e1tico, Andr\u00e9s Hubenthal, ofreci\u00f3 una conferencia sobre \u201cPol\u00edticas P\u00fablicas de Cambio Clim\u00e1tico\u201d, en el marco del Ciclo de Conferencias Anuales, organizado por el Consejo Empresarial para el Desarrollo Sostenible en el Ecuador (Cemdes), en conjunto con la Primera Escuela de Negocios del Ecuador (ESPAE), en Guayaquil. Este ciclo de conferencias, organizada por quinto a\u00f1o&hellip; <a href=\"https:\/\/www.ambienteyenergia.gob.ec\/ambiente\/mae-participo-en-la-conferencia-sobre-politicas-publicas-de-cambio-climatico-en-el-ecuador\/\">Read more &rarr;<\/a><\/p>\n","protected":false},"author":13,"featured_media":23147,"comment_status":"open","ping_status":"open","sticky":false,"template":"","format":"standard","meta":{"footnotes":""},"categories":[16,4],"tags":[133,108,53],"class_list":["post-23146","post","type-post","status-publish","format-standard","has-post-thumbnail","hentry","category-comunicamos","category-noticias","tag-cambio-climatico","tag-lorena-tapia","tag-mae","xfolkentry"],"_links":{"self":[{"href":"https:\/\/www.ambienteyenergia.gob.ec\/ambiente\/wp-json\/wp\/v2\/posts\/23146","targetHints":{"allow":["GET"]}}],"collection":[{"href":"https:\/\/www.ambienteyenergia.gob.ec\/ambiente\/wp-json\/wp\/v2\/posts"}],"about":[{"href":"https:\/\/www.ambienteyenergia.gob.ec\/ambiente\/wp-json\/wp\/v2\/types\/post"}],"author":[{"embeddable":true,"href":"https:\/\/www.ambienteyenergia.gob.ec\/ambiente\/wp-json\/wp\/v2\/users\/13"}],"replies":[{"embeddable":true,"href":"https:\/\/www.ambienteyenergia.gob.ec\/ambiente\/wp-json\/wp\/v2\/comments?post=23146"}],"version-history":[{"count":0,"href":"https:\/\/www.ambienteyenergia.gob.ec\/ambiente\/wp-json\/wp\/v2\/posts\/23146\/revisions"}],"wp:featuredmedia":[{"embeddable":true,"href":"https:\/\/www.ambienteyenergia.gob.ec\/ambiente\/wp-json\/wp\/v2\/media\/23147"}],"wp:attachment":[{"href":"https:\/\/www.ambienteyenergia.gob.ec\/ambiente\/wp-json\/wp\/v2\/media?parent=23146"}],"wp:term":[{"taxonomy":"category","embeddable":true,"href":"https:\/\/www.ambienteyenergia.gob.ec\/ambiente\/wp-json\/wp\/v2\/categories?post=23146"},{"taxonomy":"post_tag","embeddable":true,"href":"https:\/\/www.ambienteyenergia.gob.ec\/ambiente\/wp-json\/wp\/v2\/tags?post=23146"}],"curies":[{"name":"wp","href":"https:\/\/api.w.org\/{rel}","templated":true}]}}