{"id":23144,"date":"2014-10-31T17:19:18","date_gmt":"2014-10-31T22:19:18","guid":{"rendered":"http:\/\/www.ambiente.gob.ec\/?p=23144"},"modified":"2014-10-31T17:19:18","modified_gmt":"2014-10-31T22:19:18","slug":"mae-presenta-plan-piloto-cero-pcb-en-galapagos","status":"publish","type":"post","link":"https:\/\/www.ambienteyenergia.gob.ec\/ambiente\/mae-presenta-plan-piloto-cero-pcb-en-galapagos\/","title":{"rendered":"MAE presenta Plan Piloto \u201cCero PCB\u201d en Gal\u00e1pagos"},"content":{"rendered":"<p style=\"margin-bottom: 0cm;\" align=\"JUSTIFY\">El Ministerio Ambiente de Ecuador (MAE), en coordinaci\u00f3n con el Ministerio de Electricidad y Energ\u00eda Renovable (MEER) y el Programa de las Naciones Unidas para el Desarrollo (PNUD), avanza en la implementaci\u00f3n del Proyecto de Gesti\u00f3n Integrada y Ambientalmente Racional de Bifenilos Policlorados (PCBs) en el Ecuador, cuyo objetivo principal es fomentar la gesti\u00f3n racional de los aceites, equipos, sitios y desechos contaminados con estas sustancias qu\u00edmicas en el pa\u00eds.<\/p>\n<p style=\"margin-bottom: 0cm;\" align=\"JUSTIFY\">Los Bifenilos Policlorados (PCB\u2019s) son sustancias que se han usado por d\u00e9cadas en muchas aplicaciones industriales, sobre todo en el sector el\u00e9ctrico debido a sus caracter\u00edsticas de baja volatilidad y alta resistencia al fuego, convirti\u00e9ndose en un excelente aceite diel\u00e9ctrico para los transformadores y condensadores el\u00e9ctricos. Sin embargo, son persistentes en el medio ambiente; no son biodegradables, pueden acumularse en los tejidos adiposos del cuerpo y son conocidos carcin\u00f3genos. Se ubican dentro de la lista de los 12 t\u00f3xicos a ser eliminados a nivel mundial seg\u00fan el Convenio de Estocolmo.<\/p>\n<p style=\"margin-bottom: 0cm;\" align=\"JUSTIFY\">Hoy se realiz\u00f3 el lanzamiento de este proyecto en Gal\u00e1pagos, y la presentaci\u00f3n del Plan Piloto \u201cCero PCB\u201d que convertir\u00e1 a las islas en el primer territorio ecuatoriano en el que se promover\u00e1 una adecuada gesti\u00f3n ambiental y eliminar\u00e1 de los equipos el\u00e9ctricos, aceites y desechos contaminados con estos compuestos, a fin de precautelar la salud de la poblaci\u00f3n local y de los ecosistemas de las islas.<\/p>\n<p style=\"margin-bottom: 0cm;\" align=\"JUSTIFY\">Gal\u00e1pagos es un sitio de inter\u00e9s mundial por la fragilidad y unicidad de sus ecosistemas que alberga, se ha establecido como lugar ic\u00f3nico para la implementaci\u00f3n de este plan piloto.<\/p>\n<p style=\"margin-bottom: 0cm;\" align=\"JUSTIFY\">En el acto de presentaci\u00f3n del proyecto estuvo presente la Viceministra de Ambiente, Lorena S\u00e1nchez Rugel, en representaci\u00f3n de la M\u00e1xima Autoridad Ambiental, Lorena Tapia; el representante adjunto del Programa de las Naciones Unidas para el Desarrollo (PNUD), Nuno Quiroz; la Subsecretaria de Control y Aplicaciones Nucleares del Ministerio de Electricidad y Energ\u00eda Renovable, Nancy Mantilla; el Director de Gesti\u00f3n Ambiental del Consejo Nacional de Electricidad; la Subsecretaria de Investigaci\u00f3n de la Secretar\u00eda Nacional de Educaci\u00f3n Superior, Ciencia, Tecnolog\u00eda e Innovaci\u00f3n, Rina Pasos; el Director del Parque Nacional Gal\u00e1pagos, Arturo Izurieta; el Presidente de ElecGal\u00e1pagos, Marco Salao; entre otros participantes locales y nacionales.<\/p>\n<p style=\"margin-bottom: 0cm;\" align=\"JUSTIFY\">Los beneficios del proyecto Cero PCB, se ver\u00e1n reflejados en beneficios para el ambiente, pero sobre todo en la salud humana\u00bb dijo la viceministra de Ambiente, Lorena S\u00e1nchez, durante la ceremonia.<\/p>\n<p style=\"margin-bottom: 0cm;\" align=\"JUSTIFY\">Esta iniciativa se enmarca en el compromiso que Ecuador mantiene con el Convenio de Estocolmo, tratado mundial para proteger la salud humana y el ambiente de los productos y sustancias qu\u00edmicas, que insta a los pa\u00edses a regular el tratamiento de las sustancias t\u00f3xicas sobre los contaminantes org\u00e1nicos persistentes (COP). La intenci\u00f3n del Ecuador a trav\u00e9s de esta Cartera de Estado es eliminar, de manera paulatina, los PCBs hasta el a\u00f1o 2025.<\/p>\n<p style=\"margin-bottom: 0cm;\" align=\"JUSTIFY\">\n","protected":false},"excerpt":{"rendered":"<p class=\"excerpt\">El Ministerio Ambiente de Ecuador (MAE), en coordinaci\u00f3n con el Ministerio de Electricidad y Energ\u00eda Renovable (MEER) y el Programa de las Naciones Unidas para el Desarrollo (PNUD), avanza en la implementaci\u00f3n del Proyecto de Gesti\u00f3n Integrada y Ambientalmente Racional de Bifenilos Policlorados (PCBs) en el Ecuador, cuyo objetivo principal es fomentar la gesti\u00f3n racional de los aceites, equipos, sitios&hellip; <a href=\"https:\/\/www.ambienteyenergia.gob.ec\/ambiente\/mae-presenta-plan-piloto-cero-pcb-en-galapagos\/\">Read more &rarr;<\/a><\/p>\n","protected":false},"author":13,"featured_media":22884,"comment_status":"open","ping_status":"open","sticky":false,"template":"","format":"standard","meta":{"footnotes":""},"categories":[16,4],"tags":[56,108,53,566,567],"class_list":["post-23144","post","type-post","status-publish","format-standard","has-post-thumbnail","hentry","category-comunicamos","category-noticias","tag-galapagos","tag-lorena-tapia","tag-mae","tag-pbc","tag-plan-cero-pbc","xfolkentry"],"_links":{"self":[{"href":"https:\/\/www.ambienteyenergia.gob.ec\/ambiente\/wp-json\/wp\/v2\/posts\/23144","targetHints":{"allow":["GET"]}}],"collection":[{"href":"https:\/\/www.ambienteyenergia.gob.ec\/ambiente\/wp-json\/wp\/v2\/posts"}],"about":[{"href":"https:\/\/www.ambienteyenergia.gob.ec\/ambiente\/wp-json\/wp\/v2\/types\/post"}],"author":[{"embeddable":true,"href":"https:\/\/www.ambienteyenergia.gob.ec\/ambiente\/wp-json\/wp\/v2\/users\/13"}],"replies":[{"embeddable":true,"href":"https:\/\/www.ambienteyenergia.gob.ec\/ambiente\/wp-json\/wp\/v2\/comments?post=23144"}],"version-history":[{"count":0,"href":"https:\/\/www.ambienteyenergia.gob.ec\/ambiente\/wp-json\/wp\/v2\/posts\/23144\/revisions"}],"wp:featuredmedia":[{"embeddable":true,"href":"https:\/\/www.ambienteyenergia.gob.ec\/ambiente\/wp-json\/wp\/v2\/media\/22884"}],"wp:attachment":[{"href":"https:\/\/www.ambienteyenergia.gob.ec\/ambiente\/wp-json\/wp\/v2\/media?parent=23144"}],"wp:term":[{"taxonomy":"category","embeddable":true,"href":"https:\/\/www.ambienteyenergia.gob.ec\/ambiente\/wp-json\/wp\/v2\/categories?post=23144"},{"taxonomy":"post_tag","embeddable":true,"href":"https:\/\/www.ambienteyenergia.gob.ec\/ambiente\/wp-json\/wp\/v2\/tags?post=23144"}],"curies":[{"name":"wp","href":"https:\/\/api.w.org\/{rel}","templated":true}]}}