{"id":23141,"date":"2014-10-31T17:16:06","date_gmt":"2014-10-31T22:16:06","guid":{"rendered":"http:\/\/www.ambiente.gob.ec\/?p=23141"},"modified":"2014-10-31T17:16:06","modified_gmt":"2014-10-31T22:16:06","slug":"viceministra-de-ambiente-cumple-agenda-tecnica-en-las-galapagos","status":"publish","type":"post","link":"https:\/\/www.ambienteyenergia.gob.ec\/ambiente\/viceministra-de-ambiente-cumple-agenda-tecnica-en-las-galapagos\/","title":{"rendered":"Viceministra de Ambiente cumple agenda t\u00e9cnica en las Gal\u00e1pagos"},"content":{"rendered":"<p style=\"margin-bottom: 0cm;\">Durante 4 d\u00edas, la Viceminstra de Ambiente, Lorena S\u00e1nchez Rugel, cumpli\u00f3 con una agenda de trabajo en las islas Gal\u00e1pagos, en la que mantuvo una reuni\u00f3n con los t\u00e9cnicos de la Direcci\u00f3n del Parque Nacional Gal\u00e1pagos (DPNG) y Agencia de Regulaci\u00f3n y Control de la Bioseguridad y Cuarentena para Gal\u00e1pagos (ABG), para la revisi\u00f3n de los objetivo operacionales de este a\u00f1o.<\/p>\n<p style=\"margin-bottom: 0cm;\">Los equipos t\u00e9cnicos de las \u00e1reas de Planificaci\u00f3n, Administrativo Financiero, Jur\u00eddico, Gesti\u00f3n Ambiental, Cooperaci\u00f3n Interna, Seguimiento y Evaluaci\u00f3n, del Ministerio del Ambiente, junto a sus similares de la DPNG y ABG, revisaron los procesos ejecutados por cada entidad a fin de fortalecer la gesti\u00f3n ambiental administrativa en la Provincia de Gal\u00e1pagos.<\/p>\n<p style=\"margin-bottom: 0cm;\">\u201cEl prop\u00f3sito es unificar los procesos y el manejo de las herramientas estandarizadas para obtener servicios de calidad\u201d mencion\u00f3 S\u00e1nchez, quien estuvo liderando la visita t\u00e9cnica.<\/p>\n<p style=\"margin-bottom: 0cm;\">Adicionalmente, dentro de estos talleres de trabajo que se mantuvieron por varios d\u00edas, se hizo una revisi\u00f3n de la planificaci\u00f3n operativa para el a\u00f1o 2015, tanto de la DPNG como de la ABG.<\/p>\n<p style=\"margin-bottom: 0cm;\">\n","protected":false},"excerpt":{"rendered":"<p class=\"excerpt\">Durante 4 d\u00edas, la Viceminstra de Ambiente, Lorena S\u00e1nchez Rugel, cumpli\u00f3 con una agenda de trabajo en las islas Gal\u00e1pagos, en la que mantuvo una reuni\u00f3n con los t\u00e9cnicos de la Direcci\u00f3n del Parque Nacional Gal\u00e1pagos (DPNG) y Agencia de Regulaci\u00f3n y Control de la Bioseguridad y Cuarentena para Gal\u00e1pagos (ABG), para la revisi\u00f3n de los objetivo operacionales de este&hellip; <a href=\"https:\/\/www.ambienteyenergia.gob.ec\/ambiente\/viceministra-de-ambiente-cumple-agenda-tecnica-en-las-galapagos\/\">Read more &rarr;<\/a><\/p>\n","protected":false},"author":13,"featured_media":23142,"comment_status":"open","ping_status":"open","sticky":false,"template":"","format":"standard","meta":{"footnotes":""},"categories":[16,4],"tags":[394,108,53],"class_list":["post-23141","post","type-post","status-publish","format-standard","has-post-thumbnail","hentry","category-comunicamos","category-noticias","tag-direccion-del-parque-nacional-galapagos","tag-lorena-tapia","tag-mae","xfolkentry"],"_links":{"self":[{"href":"https:\/\/www.ambienteyenergia.gob.ec\/ambiente\/wp-json\/wp\/v2\/posts\/23141","targetHints":{"allow":["GET"]}}],"collection":[{"href":"https:\/\/www.ambienteyenergia.gob.ec\/ambiente\/wp-json\/wp\/v2\/posts"}],"about":[{"href":"https:\/\/www.ambienteyenergia.gob.ec\/ambiente\/wp-json\/wp\/v2\/types\/post"}],"author":[{"embeddable":true,"href":"https:\/\/www.ambienteyenergia.gob.ec\/ambiente\/wp-json\/wp\/v2\/users\/13"}],"replies":[{"embeddable":true,"href":"https:\/\/www.ambienteyenergia.gob.ec\/ambiente\/wp-json\/wp\/v2\/comments?post=23141"}],"version-history":[{"count":0,"href":"https:\/\/www.ambienteyenergia.gob.ec\/ambiente\/wp-json\/wp\/v2\/posts\/23141\/revisions"}],"wp:featuredmedia":[{"embeddable":true,"href":"https:\/\/www.ambienteyenergia.gob.ec\/ambiente\/wp-json\/wp\/v2\/media\/23142"}],"wp:attachment":[{"href":"https:\/\/www.ambienteyenergia.gob.ec\/ambiente\/wp-json\/wp\/v2\/media?parent=23141"}],"wp:term":[{"taxonomy":"category","embeddable":true,"href":"https:\/\/www.ambienteyenergia.gob.ec\/ambiente\/wp-json\/wp\/v2\/categories?post=23141"},{"taxonomy":"post_tag","embeddable":true,"href":"https:\/\/www.ambienteyenergia.gob.ec\/ambiente\/wp-json\/wp\/v2\/tags?post=23141"}],"curies":[{"name":"wp","href":"https:\/\/api.w.org\/{rel}","templated":true}]}}