{"id":23136,"date":"2014-10-31T16:28:16","date_gmt":"2014-10-31T21:28:16","guid":{"rendered":"http:\/\/www.ambiente.gob.ec\/?p=23136"},"modified":"2014-10-31T16:28:16","modified_gmt":"2014-10-31T21:28:16","slug":"mae-rescata-tres-especimenes-de-vida-silvestre-en-cotopaxi","status":"publish","type":"post","link":"https:\/\/www.ambienteyenergia.gob.ec\/ambiente\/mae-rescata-tres-especimenes-de-vida-silvestre-en-cotopaxi\/","title":{"rendered":"MAE rescata tres espec\u00edmenes de vida silvestre en Cotopaxi"},"content":{"rendered":"<p style=\"text-align: justify;\">El Ministerio del Ambiente de Ecuador (MAE), a trav\u00e9s de la Direcci\u00f3n Provincial del Ambiente de Cotopaxi rescat\u00f3 a tres espec\u00edmenes de vida silvestre, en la parroquia Cochapamba del cant\u00f3n Saquisil\u00ed, luego de recibir una denuncia ciudadana sobre la tenencia ilegal de estos animales.<\/p>\n<p>Gracias al trabajo conjunto del personal de la Unidad de Protecci\u00f3n del Medio Ambiente (UPMA) de la Polic\u00eda Nacional, funcionarios de la Tenencia Pol\u00edtica de Cochapamba y t\u00e9cnicos de vida silvestre de esta Cartera de Estado se pudo rescatar a dos \u00e1guilas pechinegras (Geranoaetus melanoleucus ) y un lobo de p\u00e1ramo (Pseudalopex culpaeus).<\/p>\n<p>Luego de ser rescatados, estos ejemplares fueron trasladados al Centro de Rescate de Vida Silvestre Ilitio en donde recibieron atenci\u00f3n veterinaria. Una vez terminada la valoraci\u00f3n m\u00e9dica se determin\u00f3 que las dos \u00e1guilas pechinegras presentan da\u00f1os en sus alas, pues sus gu\u00edas fueron cortadas para evitar que puedan volar y de esta manera escaparse del lugar en donde permanec\u00edan en cautiverio, por lo cual no podr\u00e1 regresar a su h\u00e1bitat natural.<\/p>\n<p>Por otro lado, el lobo de p\u00e1ramo se encuentra en estado de salud grave, debido principalmente a una herida en su cuello producida por una cadena que lo ataba para evitar su escape, motivo por el cual permanecer\u00e1 en cuarentena para determinar su recuperaci\u00f3n y analizaran su estado de adaptaci\u00f3n para poder reintroducirlo en su h\u00e1bitat natural.<\/p>\n<p>Cabe indicar que el h\u00e1bitat del \u00e1guila pechinegra es la sierra, especialmente cerca de los p\u00e1ramos, desde los 2000 a 3600m de altura, se la ve frecuentemente en parejas, posando en rocas o en el suelo y rara vez en los \u00e1rboles.<\/p>\n<p>El Lobo de P\u00e1ramo, por su parte, habita en la cordillera de los Andes, se ha concentrado en mayor n\u00famero en la provincia de Cotopaxi y el Carchi y\u00a0 puede vivir en la selva, monta\u00f1as, en el desierto o en zonas pantanosas. Este esp\u00e9cimen ha desaparecido de grandes zonas de su \u00e1rea de distribuci\u00f3n y ahora est\u00e1 restringido a las regiones m\u00e1s agrestes y \u00e1ridas, debido a la presi\u00f3n y destrucci\u00f3n de su h\u00e1bitat.<\/p>\n<p>Esta Direcci\u00f3n Provincial agradece a la ciudadan\u00eda por su dedicada colaboraci\u00f3n con el Ministerio del Ambiente, acci\u00f3n que aporta para la protecci\u00f3n y conservaci\u00f3n de estas especies muy importantes para nuestra ecosistemas.<\/p>\n","protected":false},"excerpt":{"rendered":"<p class=\"excerpt\">El Ministerio del Ambiente de Ecuador (MAE), a trav\u00e9s de la Direcci\u00f3n Provincial del Ambiente de Cotopaxi rescat\u00f3 a tres espec\u00edmenes de vida silvestre, en la parroquia Cochapamba del cant\u00f3n Saquisil\u00ed, luego de recibir una denuncia ciudadana sobre la tenencia ilegal de estos animales. Gracias al trabajo conjunto del personal de la Unidad de Protecci\u00f3n del Medio Ambiente (UPMA) de&hellip; <a href=\"https:\/\/www.ambienteyenergia.gob.ec\/ambiente\/mae-rescata-tres-especimenes-de-vida-silvestre-en-cotopaxi\/\">Read more &rarr;<\/a><\/p>\n","protected":false},"author":13,"featured_media":23138,"comment_status":"open","ping_status":"open","sticky":false,"template":"","format":"standard","meta":{"footnotes":""},"categories":[16,4],"tags":[],"class_list":["post-23136","post","type-post","status-publish","format-standard","has-post-thumbnail","hentry","category-comunicamos","category-noticias","xfolkentry"],"_links":{"self":[{"href":"https:\/\/www.ambienteyenergia.gob.ec\/ambiente\/wp-json\/wp\/v2\/posts\/23136","targetHints":{"allow":["GET"]}}],"collection":[{"href":"https:\/\/www.ambienteyenergia.gob.ec\/ambiente\/wp-json\/wp\/v2\/posts"}],"about":[{"href":"https:\/\/www.ambienteyenergia.gob.ec\/ambiente\/wp-json\/wp\/v2\/types\/post"}],"author":[{"embeddable":true,"href":"https:\/\/www.ambienteyenergia.gob.ec\/ambiente\/wp-json\/wp\/v2\/users\/13"}],"replies":[{"embeddable":true,"href":"https:\/\/www.ambienteyenergia.gob.ec\/ambiente\/wp-json\/wp\/v2\/comments?post=23136"}],"version-history":[{"count":0,"href":"https:\/\/www.ambienteyenergia.gob.ec\/ambiente\/wp-json\/wp\/v2\/posts\/23136\/revisions"}],"wp:featuredmedia":[{"embeddable":true,"href":"https:\/\/www.ambienteyenergia.gob.ec\/ambiente\/wp-json\/wp\/v2\/media\/23138"}],"wp:attachment":[{"href":"https:\/\/www.ambienteyenergia.gob.ec\/ambiente\/wp-json\/wp\/v2\/media?parent=23136"}],"wp:term":[{"taxonomy":"category","embeddable":true,"href":"https:\/\/www.ambienteyenergia.gob.ec\/ambiente\/wp-json\/wp\/v2\/categories?post=23136"},{"taxonomy":"post_tag","embeddable":true,"href":"https:\/\/www.ambienteyenergia.gob.ec\/ambiente\/wp-json\/wp\/v2\/tags?post=23136"}],"curies":[{"name":"wp","href":"https:\/\/api.w.org\/{rel}","templated":true}]}}