{"id":23133,"date":"2014-10-31T15:11:13","date_gmt":"2014-10-31T20:11:13","guid":{"rendered":"http:\/\/www.ambiente.gob.ec\/?p=23133"},"modified":"2014-10-31T16:18:40","modified_gmt":"2014-10-31T21:18:40","slug":"mae-celebra-el-aniversario-del-refugio-de-vida-silvestre-isla-corazon-y-fragata-con-la-entrega-del-plan-de-manejo","status":"publish","type":"post","link":"https:\/\/www.ambienteyenergia.gob.ec\/ambiente\/mae-celebra-el-aniversario-del-refugio-de-vida-silvestre-isla-corazon-y-fragata-con-la-entrega-del-plan-de-manejo\/","title":{"rendered":"MAE celebra el aniversario del Refugio de Vida Silvestre Isla Coraz\u00f3n y Fragata con la entrega del Plan de manejo"},"content":{"rendered":"<p style=\"text-align: justify;\">En una ceremonia efectuada hoy en el Auditorio de la Casa de la Cultura de Manab\u00ed, el Subsecretario de Gesti\u00f3n Marina y Costera del Ministerio del Ambiente de Ecuador (MAE), Eli\u00e9cer Cruz, efectu\u00f3 la entrega del plan de manejo del Refugio de Vida Silvestre Isla Coraz\u00f3n y Fragata a las autoridades seccionales, con el objetivo de promover la conservaci\u00f3n de esta \u00e1rea protegida.<\/p>\n<p style=\"text-align: justify;\">\nMayra Vera, responsable del refugio, destac\u00f3 el trabajo que desde hace 12 a\u00f1os se realiza con las comunidades de los cantones San Vicente, Sucre y Tosagua para proteger este espacio que alberga una gran cantidad de especies de flora y fauna.<\/p>\n<p style=\"text-align: justify;\">\nTambi\u00e9n ella record\u00f3 el aporte de los comuneros para la construcci\u00f3n del plan de manejo incluyendo criterios que reflejan la realidad de sus habitantes, del entorno, de su vida diaria, para la conservaci\u00f3n del Refugio de Vida Silvestre. \u201cEs nuestro compromiso como Ministerio del Ambiente poder seguir trabajando por el bien de esta \u00e1rea protegida\u201d, exalt\u00f3 Vera.<\/p>\n<p style=\"text-align: justify;\">\nPor su parte, el Subsecretario destac\u00f3 la importancia de contar con esta herramienta que permitir\u00e1 la coexistencia arm\u00f3nica de la biodiversidad del \u00e1rea, su uso sustentable al generar bienes y servicios para los pescadores, concheros, cangrejeros, pero tambi\u00e9n para el disfrute, recreaci\u00f3n y turismo que se puede ofrecer.<\/p>\n<p style=\"text-align: justify;\">\nLa Alcaldesa de San Vicente, Rossana Cevallos y la Concejala de Sucre, Yuly Hidalgo, recibieron los planes de manejo de manos del Director Provincial del Ambiente de Manab\u00ed, \u00c1ngelo Traverso, y el Subsecretario Cruz, respectivamente.<\/p>\n<p style=\"text-align: justify;\">\nCevallos se comprometi\u00f3 en apoyar las acciones de protecci\u00f3n del \u00e1rea protegida, en especial fomentando el desarrollo tur\u00edstico en la zona.<\/p>\n<p style=\"text-align: justify;\">\nAsimismo, se realiz\u00f3 la entrega del Acuerdo de Uso Sustentable y Custodia de Manglar a Usuarios Ancestrales a favor de la Comunidad Salinas. Wilson Mac\u00edas, representante de los comuneros, agradeci\u00f3 la concesi\u00f3n recibida bajo el compromiso de protegerla para su recuperaci\u00f3n. \u201cCreo que tenemos la responsabilidad, al igual que todos los que vivimos en el estuario, de cuidar nuestros recursos\u201d, expres\u00f3 Mac\u00edas.<\/p>\n<p style=\"text-align: justify;\">\nPara finalizar el acto formal, se entregaron los carn\u00e9s que acreditan en sus labores a ocho gu\u00edas naturalistas que laboran desde hace varios a\u00f1os en el Refugio de Vida Silvestre Isla Coraz\u00f3n y Fragata.<\/p>\n<p style=\"text-align: justify;\">\nYa dentro de la zona protegida, tras un breve paso en lancha, las autoridades inauguraron el sendero dentro de la Isla Coraz\u00f3n, el que est\u00e1 elaborado en teca, madera proveniente de sembr\u00edos autorizados para este proceso, dijo Vera.<\/p>\n<p style=\"text-align: justify;\">\n<strong>Conferencia<\/strong><br \/>\nUna conferencia sobre \u00c1reas Protegidas Marinas y Costeras (APMC\u00b4s) se realiz\u00f3 ayer con la participaci\u00f3n de universitarios manabitas provenientes de Chone, Portoviejo, Tosagua, entre otros cantones.<\/p>\n<p style=\"text-align: justify;\">\nLos j\u00f3venes estudiantes de Biolog\u00eda, Turismo e Ingenier\u00eda Ambiental interactuaron con los representantes de las \u00e1reas protegidas que explicaron las acciones que ejecutan en cada una de sus zonas para protegerlas y aprendan la necesidad de trabajar en su protecci\u00f3n.<\/p>\n","protected":false},"excerpt":{"rendered":"<p class=\"excerpt\">En una ceremonia efectuada hoy en el Auditorio de la Casa de la Cultura de Manab\u00ed, el Subsecretario de Gesti\u00f3n Marina y Costera del Ministerio del Ambiente de Ecuador (MAE), Eli\u00e9cer Cruz, efectu\u00f3 la entrega del plan de manejo del Refugio de Vida Silvestre Isla Coraz\u00f3n y Fragata a las autoridades seccionales, con el objetivo de promover la conservaci\u00f3n de&hellip; <a href=\"https:\/\/www.ambienteyenergia.gob.ec\/ambiente\/mae-celebra-el-aniversario-del-refugio-de-vida-silvestre-isla-corazon-y-fragata-con-la-entrega-del-plan-de-manejo\/\">Read more &rarr;<\/a><\/p>\n","protected":false},"author":13,"featured_media":23134,"comment_status":"open","ping_status":"open","sticky":false,"template":"","format":"standard","meta":{"footnotes":""},"categories":[16,4],"tags":[],"class_list":["post-23133","post","type-post","status-publish","format-standard","has-post-thumbnail","hentry","category-comunicamos","category-noticias","xfolkentry"],"_links":{"self":[{"href":"https:\/\/www.ambienteyenergia.gob.ec\/ambiente\/wp-json\/wp\/v2\/posts\/23133","targetHints":{"allow":["GET"]}}],"collection":[{"href":"https:\/\/www.ambienteyenergia.gob.ec\/ambiente\/wp-json\/wp\/v2\/posts"}],"about":[{"href":"https:\/\/www.ambienteyenergia.gob.ec\/ambiente\/wp-json\/wp\/v2\/types\/post"}],"author":[{"embeddable":true,"href":"https:\/\/www.ambienteyenergia.gob.ec\/ambiente\/wp-json\/wp\/v2\/users\/13"}],"replies":[{"embeddable":true,"href":"https:\/\/www.ambienteyenergia.gob.ec\/ambiente\/wp-json\/wp\/v2\/comments?post=23133"}],"version-history":[{"count":0,"href":"https:\/\/www.ambienteyenergia.gob.ec\/ambiente\/wp-json\/wp\/v2\/posts\/23133\/revisions"}],"wp:featuredmedia":[{"embeddable":true,"href":"https:\/\/www.ambienteyenergia.gob.ec\/ambiente\/wp-json\/wp\/v2\/media\/23134"}],"wp:attachment":[{"href":"https:\/\/www.ambienteyenergia.gob.ec\/ambiente\/wp-json\/wp\/v2\/media?parent=23133"}],"wp:term":[{"taxonomy":"category","embeddable":true,"href":"https:\/\/www.ambienteyenergia.gob.ec\/ambiente\/wp-json\/wp\/v2\/categories?post=23133"},{"taxonomy":"post_tag","embeddable":true,"href":"https:\/\/www.ambienteyenergia.gob.ec\/ambiente\/wp-json\/wp\/v2\/tags?post=23133"}],"curies":[{"name":"wp","href":"https:\/\/api.w.org\/{rel}","templated":true}]}}