{"id":23129,"date":"2014-10-31T11:36:21","date_gmt":"2014-10-31T16:36:21","guid":{"rendered":"http:\/\/www.ambiente.gob.ec\/?p=23129"},"modified":"2014-10-31T14:27:19","modified_gmt":"2014-10-31T19:27:19","slug":"ministra-lorena-tapia-inaugura-la-primera-aula-virtual-itinerante-de-educacion-ambiental-del-pais","status":"publish","type":"post","link":"https:\/\/www.ambienteyenergia.gob.ec\/ambiente\/ministra-lorena-tapia-inaugura-la-primera-aula-virtual-itinerante-de-educacion-ambiental-del-pais\/","title":{"rendered":"Ministra Lorena Tapia inaugura la primera Aula Virtual Itinerante de Educaci\u00f3n Ambiental del pa\u00eds"},"content":{"rendered":"<p style=\"text-align: justify;\">Esta ma\u00f1ana la Ministra de Ambiente, Lorena Tapia realiz\u00f3 la inauguraci\u00f3n oficial del Aula Virtual Itinerante de Educaci\u00f3n Ambiental, en la explanada del Centro C\u00edvico de Guayaquil. Un espacio donde ni\u00f1os, j\u00f3venes y adultos aprender\u00e1n sobre la importancia del manejo de residuos s\u00f3lidos.<\/p>\n<p style=\"text-align: justify;\">Esta iniciativa se realiza por primera vez en el pa\u00eds con la idea de educar a la ciudadan\u00eda de forma l\u00fadica sobre las pol\u00edticas ambientales que\u00a0 el Ministerio de Ambiente de Ecuador (MAE) lleva acabo a trav\u00e9s del Programa Nacional de Gesti\u00f3n Integral de Desechos S\u00f3lidos (PNGIDS).<\/p>\n<p style=\"text-align: justify;\">\u00abEste es el resultado de un enorme trabajo, un trabajo que como Ministerio del Ambiente nos planteamos para beneficio de la comunidad que ahora ser\u00e1 la principal beneficiaria de toda esta labor que tiene como objetivo fundamental de sumar cada vez m\u00e1s ciudadanos por conservar, proteger y crear un Ecuador Verde\u201d, se\u00f1al\u00f3 la M\u00e1xima Autoridad Ambiental.<\/p>\n<p style=\"text-align: justify;\">Este espacio de educaci\u00f3n ambiental es completamente amigable con el ambiente, est\u00e1 elaborada con materiales reciclables, cuenta con alta tecnolog\u00eda, desmontable y por lo tanto se puede movilizar a cualquier parte del pa\u00eds. Su recorrido dura aproximadamente 45 minutos y cuenta con 10 paradas donde las personas pueden realizar diferentes actividades mediante hologramas, proyecciones 3D, videos, juegos con sensores de movimiento, animaciones y charlas sobre la generaci\u00f3n, clasificaci\u00f3n y destino final de desechos.<\/p>\n<p style=\"text-align: justify;\">El Ecuador genera 2 kilos diarios de basura por persona y se conoce que por cada 100 habitantes menos del 60% contribuye al cuidado del ambiente. \u00abToda acci\u00f3n de la autoridad ambiental no tiene \u00e9xito si no va de la mano del compromiso y la voluntad ciudadana. Por eso invitamos a la ciudadan\u00eda a que se apodere de este espacio que est\u00e1 pensado para ellos y act\u00faen en beneficio del ambiente\u00bb se\u00f1al\u00f3 la titular de esta Cartera de Estado.<\/p>\n<p style=\"text-align: justify;\">La primera Aula Virtual Itinerante de Educaci\u00f3n Ambiental estar\u00e1 en la explanada del Centro C\u00edvico de Guayaquil hasta el 4 de noviembre en horario de atenci\u00f3n de 8:00 a 13:00 y de 14:00 a 18:00. La entrada es completamente gratuita.<\/p>\n<p style=\"text-align: justify;\">El pr\u00f3ximo destino del aula ser\u00e1 Quevedo, entre el 9 al 11 de noviembre y Cuenca del 16 al 19 de noviembre.<\/p>\n<p style=\"text-align: justify;\">De esta forma el MAE busca formar l\u00edderes ambientales para que la ciudad y el hogar ecuatoriano sea m\u00e1s sostenible en miras de un Ecuador Verde.<\/p>\n","protected":false},"excerpt":{"rendered":"<p class=\"excerpt\">Esta ma\u00f1ana la Ministra de Ambiente, Lorena Tapia realiz\u00f3 la inauguraci\u00f3n oficial del Aula Virtual Itinerante de Educaci\u00f3n Ambiental, en la explanada del Centro C\u00edvico de Guayaquil. Un espacio donde ni\u00f1os, j\u00f3venes y adultos aprender\u00e1n sobre la importancia del manejo de residuos s\u00f3lidos. Esta iniciativa se realiza por primera vez en el pa\u00eds con la idea de educar a la&hellip; <a href=\"https:\/\/www.ambienteyenergia.gob.ec\/ambiente\/ministra-lorena-tapia-inaugura-la-primera-aula-virtual-itinerante-de-educacion-ambiental-del-pais\/\">Read more &rarr;<\/a><\/p>\n","protected":false},"author":13,"featured_media":23131,"comment_status":"open","ping_status":"open","sticky":false,"template":"","format":"standard","meta":{"footnotes":""},"categories":[16,4,10],"tags":[],"class_list":["post-23129","post","type-post","status-publish","format-standard","has-post-thumbnail","hentry","category-comunicamos","category-noticias","category-noticias-destacadas","xfolkentry"],"_links":{"self":[{"href":"https:\/\/www.ambienteyenergia.gob.ec\/ambiente\/wp-json\/wp\/v2\/posts\/23129","targetHints":{"allow":["GET"]}}],"collection":[{"href":"https:\/\/www.ambienteyenergia.gob.ec\/ambiente\/wp-json\/wp\/v2\/posts"}],"about":[{"href":"https:\/\/www.ambienteyenergia.gob.ec\/ambiente\/wp-json\/wp\/v2\/types\/post"}],"author":[{"embeddable":true,"href":"https:\/\/www.ambienteyenergia.gob.ec\/ambiente\/wp-json\/wp\/v2\/users\/13"}],"replies":[{"embeddable":true,"href":"https:\/\/www.ambienteyenergia.gob.ec\/ambiente\/wp-json\/wp\/v2\/comments?post=23129"}],"version-history":[{"count":0,"href":"https:\/\/www.ambienteyenergia.gob.ec\/ambiente\/wp-json\/wp\/v2\/posts\/23129\/revisions"}],"wp:featuredmedia":[{"embeddable":true,"href":"https:\/\/www.ambienteyenergia.gob.ec\/ambiente\/wp-json\/wp\/v2\/media\/23131"}],"wp:attachment":[{"href":"https:\/\/www.ambienteyenergia.gob.ec\/ambiente\/wp-json\/wp\/v2\/media?parent=23129"}],"wp:term":[{"taxonomy":"category","embeddable":true,"href":"https:\/\/www.ambienteyenergia.gob.ec\/ambiente\/wp-json\/wp\/v2\/categories?post=23129"},{"taxonomy":"post_tag","embeddable":true,"href":"https:\/\/www.ambienteyenergia.gob.ec\/ambiente\/wp-json\/wp\/v2\/tags?post=23129"}],"curies":[{"name":"wp","href":"https:\/\/api.w.org\/{rel}","templated":true}]}}