{"id":23126,"date":"2014-10-31T10:28:24","date_gmt":"2014-10-31T15:28:24","guid":{"rendered":"http:\/\/www.ambiente.gob.ec\/?p=23126"},"modified":"2014-10-31T10:28:24","modified_gmt":"2014-10-31T15:28:24","slug":"mae-presento-de-manera-oficial-la-guia-informativa-de-areas-naturales-protegidas-del-ecuador","status":"publish","type":"post","link":"https:\/\/www.ambienteyenergia.gob.ec\/ambiente\/mae-presento-de-manera-oficial-la-guia-informativa-de-areas-naturales-protegidas-del-ecuador\/","title":{"rendered":"MAE present\u00f3 de manera oficial la  Gu\u00eda Informativa de \u00c1reas Naturales Protegidas del Ecuador"},"content":{"rendered":"<p style=\"text-align: justify;\">Ayer, el Ministerio del Ambiente de Ecuador (MAE), realiz\u00f3 la presentaci\u00f3n oficial de la Gu\u00eda Informativa de \u00c1reas Naturales Protegidas del Ecuador como parte las actividades para promover el conocimiento y acceso al patrimonio natural nacional. El evento se desarroll\u00f3 en el Jard\u00edn Bot\u00e1nico de Quito, con la asistencia de 300 representantes de diferentes ONG&#8217;s, instituci\u00f3n internacionales y agencias de viajes.<\/p>\n<p>\u201cTodos los seres humanos tenemos una vida \u00fanica e irrepetible, una oportunidad de existir y ser capaces de crear un entorno lleno de bienestar y armon\u00eda, una oportunidad de la cual a nosotros, a los ecuatorianos, nos correspondi\u00f3 preservar uno de los espacios m\u00e1s ricos y diversos del planeta\u201d, con estas palabras Francisco Prieto, Subsecretario de Patrimonio Natural dio su agradecimiento a quienes hicieron realidad este gran proyecto que busca de consolidar las \u00e1reas protegidas como lugares tur\u00edsticos que fomenten la responsabilidad ciudadana por el cuidado de todo el patrimonio natural.<\/p>\n<p>Ecuador, en la actualidad cuenta con 50 \u00e1reas protegidas a nivel continental e insular, lo que representa cerca del 20% del territorio nacional en estado de conservaci\u00f3n, de acuerdo con la legislaci\u00f3n ambiental nacional. Estos espacios naturales son parte del Sistema Nacional de \u00c1reas Protegidas (SNAP) que fue creado con el objetivo es contribuir a la sostenibilidad de la diversidad biol\u00f3gica y de las bases naturales de la vida fortaleciendo los servicios ecosist\u00e9micos de los cuales se benefician tanto las poblaciones urbanas como rurales, una riqueza paisaj\u00edsitica que permite el turismo y la recreaci\u00f3n en parte de ellas, y por su importancia ecol\u00f3gica trascienden fronteras que son reconocidas a nivel internacional.<\/p>\n<p>Por su parte Roberto Romero, Gerente de Relaciones Gubernamentales de GM OBB del Ecuador, reconoci\u00f3 que el compromiso de esta Cartera de Estado se demuestra con generaci\u00f3n de proyectos conjuntos entre el Estado y el Sector Productivo. \u201cEs un gran honor haber formado parte de este proyecto en uni\u00f3n con el Ministerio del Ambiente y su programa Socio Bosque para crear conciencia en temas de protecci\u00f3n forestal y reducci\u00f3n de emisi\u00f3n de carbono.<\/p>\n<p>Para Mario Garc\u00eda, Editor de la Gu\u00eda, esta libro representa el resultado del gran esfuerzo del Ministerio del Ambiente por estar en la vanguardia en materia de protecci\u00f3n, con la implementaci\u00f3n de pol\u00edticas ambientales que mantienen el equilibro en la balanza entre la necesidad humana y la naturaleza.<\/p>\n<p>La Gu\u00eda Informativa de \u00c1reas Naturales Protegidas del Ecuador cuenta con abundante material gr\u00e1fico sobre los paisajes naturales presentes en Gal\u00e1pagos, Costa, Andes y Amazon\u00eda, de tal manera que ofrezca un recorrido visual, y se convierta adem\u00e1s en una herramienta educativa que promueva el inter\u00e9s por conocer la extraordinaria biodiversidad, de estos ecosistemas \u00fanicos y megadiversos.<\/p>\n<p>La alianza entre el MAE y GM OBB, permitir\u00e1 que la a Gu\u00eda Informativa de \u00c1reas Naturales Protegidas del Ecuador llegue a m\u00e1s personas, pues ser\u00e1 entregada a los clientes de la firma General Mortors por la compra de veh\u00edculos carbono neutro.<\/p>\n","protected":false},"excerpt":{"rendered":"<p class=\"excerpt\">Ayer, el Ministerio del Ambiente de Ecuador (MAE), realiz\u00f3 la presentaci\u00f3n oficial de la Gu\u00eda Informativa de \u00c1reas Naturales Protegidas del Ecuador como parte las actividades para promover el conocimiento y acceso al patrimonio natural nacional. El evento se desarroll\u00f3 en el Jard\u00edn Bot\u00e1nico de Quito, con la asistencia de 300 representantes de diferentes ONG&#8217;s, instituci\u00f3n internacionales y agencias de&hellip; <a href=\"https:\/\/www.ambienteyenergia.gob.ec\/ambiente\/mae-presento-de-manera-oficial-la-guia-informativa-de-areas-naturales-protegidas-del-ecuador\/\">Read more &rarr;<\/a><\/p>\n","protected":false},"author":13,"featured_media":23127,"comment_status":"open","ping_status":"open","sticky":false,"template":"","format":"standard","meta":{"footnotes":""},"categories":[16,4],"tags":[],"class_list":["post-23126","post","type-post","status-publish","format-standard","has-post-thumbnail","hentry","category-comunicamos","category-noticias","xfolkentry"],"_links":{"self":[{"href":"https:\/\/www.ambienteyenergia.gob.ec\/ambiente\/wp-json\/wp\/v2\/posts\/23126","targetHints":{"allow":["GET"]}}],"collection":[{"href":"https:\/\/www.ambienteyenergia.gob.ec\/ambiente\/wp-json\/wp\/v2\/posts"}],"about":[{"href":"https:\/\/www.ambienteyenergia.gob.ec\/ambiente\/wp-json\/wp\/v2\/types\/post"}],"author":[{"embeddable":true,"href":"https:\/\/www.ambienteyenergia.gob.ec\/ambiente\/wp-json\/wp\/v2\/users\/13"}],"replies":[{"embeddable":true,"href":"https:\/\/www.ambienteyenergia.gob.ec\/ambiente\/wp-json\/wp\/v2\/comments?post=23126"}],"version-history":[{"count":0,"href":"https:\/\/www.ambienteyenergia.gob.ec\/ambiente\/wp-json\/wp\/v2\/posts\/23126\/revisions"}],"wp:featuredmedia":[{"embeddable":true,"href":"https:\/\/www.ambienteyenergia.gob.ec\/ambiente\/wp-json\/wp\/v2\/media\/23127"}],"wp:attachment":[{"href":"https:\/\/www.ambienteyenergia.gob.ec\/ambiente\/wp-json\/wp\/v2\/media?parent=23126"}],"wp:term":[{"taxonomy":"category","embeddable":true,"href":"https:\/\/www.ambienteyenergia.gob.ec\/ambiente\/wp-json\/wp\/v2\/categories?post=23126"},{"taxonomy":"post_tag","embeddable":true,"href":"https:\/\/www.ambienteyenergia.gob.ec\/ambiente\/wp-json\/wp\/v2\/tags?post=23126"}],"curies":[{"name":"wp","href":"https:\/\/api.w.org\/{rel}","templated":true}]}}