{"id":23121,"date":"2014-10-30T20:32:04","date_gmt":"2014-10-31T01:32:04","guid":{"rendered":"http:\/\/www.ambiente.gob.ec\/?p=23121"},"modified":"2014-10-31T17:10:38","modified_gmt":"2014-10-31T22:10:38","slug":"el-mae-firma-acuerdos-ambientales-con-el-gobierno-del-peru","status":"publish","type":"post","link":"https:\/\/www.ambienteyenergia.gob.ec\/ambiente\/el-mae-firma-acuerdos-ambientales-con-el-gobierno-del-peru\/","title":{"rendered":"MAE firma acuerdos ambientales con el Gobierno del Per\u00fa"},"content":{"rendered":"<p style=\"text-align: justify;\">En el marco del Encuentro Presidencial y VIII Gabinete Binacional Ecuador \u2013 Per\u00fa, el Ministerio del Ambiente (MAE) lleg\u00f3 a varios acuerdos con el Gobierno de Per\u00fa, con el fin de promover la conservaci\u00f3n y el uso sostenible de los recursos naturales, la diversidad biol\u00f3gica y las \u00e1reas naturales protegidas.<\/p>\n<p style=\"text-align: justify;\">As\u00ed, las autoridades ambientales de Ecuador y Per\u00fa, establecer\u00e1n las directrices t\u00e9cnicas, administrativas y pol\u00edticas de su competencia de las acciones en el marco de la Red de Gesti\u00f3n Binacional de \u00c1reas Protegidas del Sur de Ecuador y Norte del Per\u00fa, las cuales se implementar\u00e1n a trav\u00e9s de la articulaci\u00f3n con diferentes actores: gubernamentales y no gubernamentales, organizaciones sociales y otras, que aporten al desarrollo de sus principios, objetivos y mecanismos de coordinaci\u00f3n.<\/p>\n<p style=\"text-align: justify;\">La finalidad es contribuir a la consolidaci\u00f3n de las \u00c1reas Protegidas y al desarrollo sostenible binacional a trav\u00e9s del fortalecimiento de las mismas como espacios estrat\u00e9gicos para la conservaci\u00f3n de la diversidad biol\u00f3gica y la generaci\u00f3n de bienes y servicios ambientales en el Sur de Ecuador y Norte del Per\u00fa.<\/p>\n<p style=\"text-align: justify;\"><strong>Planes de Acci\u00f3n:<\/strong><\/p>\n<ul style=\"text-align: justify;\">\n<li>Establecer una estructura de operatividad de la Red de Gesti\u00f3n Binacional de \u00c1reas Protegidas, de manera concertada sobre la base de la voluntad y compromiso pol\u00edtico de las partes a largo plazo.<\/li>\n<\/ul>\n<ul style=\"text-align: justify;\">\n<li>Formular estrategias y planes de acci\u00f3n para la vinculaci\u00f3n entre los Sistemas Nacionales de \u00c1reas Protegidas en eco regiones prioritarias compartidas entre el Sur de Ecuador y Norte del Per\u00fa.<\/li>\n<\/ul>\n<ul style=\"text-align: justify;\">\n<li>Fortalecer las capacidades gubernamentales para generar y manejar informaci\u00f3n que posibilite la planificaci\u00f3n y gesti\u00f3n bioregional, as\u00ed como la conectividad entre los sistemas de \u00c1reas Protegidas.<\/li>\n<\/ul>\n<p style=\"text-align: justify;\">\u00a0<strong>L\u00edneas de Gesti\u00f3n:<\/strong><\/p>\n<ul style=\"text-align: justify;\">\n<li>Gesti\u00f3n de las \u00c1reas Protegidas y sus zonas de influencia Control y vigilancia; investigaci\u00f3n y monitoreo; promoci\u00f3n del ecoturismo; bienes y servicios ambientales; zonificaci\u00f3n y reglamentaci\u00f3n de usos de las \u00c1reas Protegidas; capacitaci\u00f3n y fortalecimiento de equipos locales y nacionales.<\/li>\n<\/ul>\n<ul style=\"text-align: justify;\">\n<li>Participaci\u00f3n Social Coordinaci\u00f3n con la poblaci\u00f3n local para el uso y manejo sostenible y sustentable de recursos naturales; fortalecimiento organizativo y de capacidades locales; apoyo a la protecci\u00f3n del patrimonio natural.<\/li>\n<\/ul>\n<ul style=\"text-align: justify;\">\n<li>Fortalecimiento de las actividades de conservaci\u00f3n y articulaci\u00f3n de instrumentos de ordenamiento y planificaci\u00f3n; promoci\u00f3n del ordenamiento ambiental; promoci\u00f3n de instancias y mecanismos de concertaci\u00f3n interinstitucional e intersectorial.<\/li>\n<\/ul>\n<ul style=\"text-align: justify;\">\n<li>Fortalecimiento de las capacidades institucionales Cooperaci\u00f3n horizontal, posicionamiento, replicabilidad y articulaci\u00f3n de procesos e instituciones regionales.<\/li>\n<\/ul>\n<p style=\"text-align: justify;\">Adem\u00e1s se establecieron proyectos e iniciativas ambientales una de ellas son las coordinaciones con el sector acad\u00e9mico del Per\u00fa y Ecuador para impulsar iniciativas de investigaci\u00f3n ambiental con perspectiva binacional y enfoque ecosist\u00e9mico.<\/p>\n<p style=\"text-align: justify;\">Adem\u00e1s se prev\u00e9 el intercambio de experiencias entre el personal de las \u00e1reas protegidas que integran la Red de Gesti\u00f3n Binacional.<\/p>\n","protected":false},"excerpt":{"rendered":"<p class=\"excerpt\">En el marco del Encuentro Presidencial y VIII Gabinete Binacional Ecuador \u2013 Per\u00fa, el Ministerio del Ambiente (MAE) lleg\u00f3 a varios acuerdos con el Gobierno de Per\u00fa, con el fin de promover la conservaci\u00f3n y el uso sostenible de los recursos naturales, la diversidad biol\u00f3gica y las \u00e1reas naturales protegidas. As\u00ed, las autoridades ambientales de Ecuador y Per\u00fa, establecer\u00e1n las&hellip; <a href=\"https:\/\/www.ambienteyenergia.gob.ec\/ambiente\/el-mae-firma-acuerdos-ambientales-con-el-gobierno-del-peru\/\">Read more &rarr;<\/a><\/p>\n","protected":false},"author":13,"featured_media":23122,"comment_status":"open","ping_status":"open","sticky":false,"template":"","format":"standard","meta":{"footnotes":""},"categories":[16,4],"tags":[564,387,565],"class_list":["post-23121","post","type-post","status-publish","format-standard","has-post-thumbnail","hentry","category-comunicamos","category-noticias","tag-binacional","tag-mae-lorena-tapia","tag-peru","xfolkentry"],"_links":{"self":[{"href":"https:\/\/www.ambienteyenergia.gob.ec\/ambiente\/wp-json\/wp\/v2\/posts\/23121","targetHints":{"allow":["GET"]}}],"collection":[{"href":"https:\/\/www.ambienteyenergia.gob.ec\/ambiente\/wp-json\/wp\/v2\/posts"}],"about":[{"href":"https:\/\/www.ambienteyenergia.gob.ec\/ambiente\/wp-json\/wp\/v2\/types\/post"}],"author":[{"embeddable":true,"href":"https:\/\/www.ambienteyenergia.gob.ec\/ambiente\/wp-json\/wp\/v2\/users\/13"}],"replies":[{"embeddable":true,"href":"https:\/\/www.ambienteyenergia.gob.ec\/ambiente\/wp-json\/wp\/v2\/comments?post=23121"}],"version-history":[{"count":0,"href":"https:\/\/www.ambienteyenergia.gob.ec\/ambiente\/wp-json\/wp\/v2\/posts\/23121\/revisions"}],"wp:featuredmedia":[{"embeddable":true,"href":"https:\/\/www.ambienteyenergia.gob.ec\/ambiente\/wp-json\/wp\/v2\/media\/23122"}],"wp:attachment":[{"href":"https:\/\/www.ambienteyenergia.gob.ec\/ambiente\/wp-json\/wp\/v2\/media?parent=23121"}],"wp:term":[{"taxonomy":"category","embeddable":true,"href":"https:\/\/www.ambienteyenergia.gob.ec\/ambiente\/wp-json\/wp\/v2\/categories?post=23121"},{"taxonomy":"post_tag","embeddable":true,"href":"https:\/\/www.ambienteyenergia.gob.ec\/ambiente\/wp-json\/wp\/v2\/tags?post=23121"}],"curies":[{"name":"wp","href":"https:\/\/api.w.org\/{rel}","templated":true}]}}