{"id":23118,"date":"2014-10-30T20:25:05","date_gmt":"2014-10-31T01:25:05","guid":{"rendered":"http:\/\/www.ambiente.gob.ec\/?p=23118"},"modified":"2014-10-30T20:26:48","modified_gmt":"2014-10-31T01:26:48","slug":"ministra-lorena-tapia-formo-parte-de-la-comitiva-en-el-encuentro-presidencial-y-viii-gabinete-binacional-ecuador-peru","status":"publish","type":"post","link":"https:\/\/www.ambienteyenergia.gob.ec\/ambiente\/ministra-lorena-tapia-formo-parte-de-la-comitiva-en-el-encuentro-presidencial-y-viii-gabinete-binacional-ecuador-peru\/","title":{"rendered":"Ministra Lorena Tapia form\u00f3 parte de la comitiva en el Encuentro Presidencial y VIII Gabinete Binacional Ecuador- Per\u00fa"},"content":{"rendered":"<p>Hoy, la Ministra de Ambiente, Lorena Tapia particip\u00f3 del Encuentro Presidencial y del VIII Gabinete Binacional Ecuador \u2013 Per\u00fa que se llev\u00f3 a cabo en Arenillas, El Oro. Este encuentro se realiza despu\u00e9s de un a\u00f1o de que los funcionarios de ambos pa\u00edses hermanos se reunieran en la ciudad de Piura en Per\u00fa.<\/p>\n<p>Al iniciar el encuentro binacional el Presidente de la Rep\u00fablica del Ecuador Rafael Correa y su hom\u00f3logo de Per\u00fa Ollanta Humala, hicieron hincapi\u00e9 en la importancia de mantener buenas relaciones para sacar adelante proyectos que beneficien a los ciudadanos de ambos pa\u00edses.<\/p>\n<p>As\u00ed, se destacaron cinco ejes tem\u00e1ticos en los que se trabaja:<\/p>\n<p><strong>1. Seguridad y Defensa<\/strong><\/p>\n<p>En este tema se destaca el trabajo de desminado humanitario, una acci\u00f3n conjunta de Ecuador y Per\u00fa, que hasta septiembre del 2014 ha abarcado un \u00e1rea de 80 000 m2 y destruido m\u00e1s de 4 000 minas. \u201cHemos puesto todos los esfuerzos en el trabajo de desminado humanitario, a\u00fan faltan de\u00a0\u00a0 8 000 a 10 000 minas todav\u00eda por retirar. Ese es el desaf\u00edo que tenemos\u201d se\u00f1al\u00f3 el Presidente Humala.<\/p>\n<p>Mientras que Correa asegur\u00f3 que se fortalecer\u00e1 el combate al contrabando y narcotr\u00e1fico, la miner\u00eda ilegal y la trata de personas; temas que a\u00fan preocupan a ambos Estados.<\/p>\n<p><strong>2. Social<\/strong><\/p>\n<p>Los proyectos en temas sociales han dado excelentes resultados; as\u00ed se evidencia mejoras en la atenci\u00f3n de salud en zonas fronterizas, la ayuda a las personas con discapacidad, la aplicaci\u00f3n de la Beca de la Amistad y la erradicaci\u00f3n del trabajo infantil.<\/p>\n<p><strong>3. Infraestructura y Conectividad<\/strong><\/p>\n<p>La construcci\u00f3n de los ejes de integraci\u00f3n vial Per\u00fa \u2013 Ecuador, que conectan a los dos pa\u00edses en la zona fronteriza, tanto en la costa, como en la sierra y amazonia. La v\u00eda de Ja\u00e9n, San Ignacio, Namballe hasta el puente internacional; adem\u00e1s de v\u00edas de acceso por la zona de la sierra de Piura.<\/p>\n<p><strong>4. Productivo, comercial, de inversiones y turismo<\/strong><\/p>\n<p>Se destaca los avances en temas productivos como la cooperaci\u00f3n t\u00e9cnica para la promoci\u00f3n industrial y el desarrollo de las peque\u00f1as empresas y la eliminaci\u00f3n de obst\u00e1culos para llevar adelante el comercio.<\/p>\n<p>Adem\u00e1s, se felicit\u00f3 los avances en turismo de ambos pa\u00edses.<\/p>\n<p><strong>5. Ambiental, Minero y Energ\u00e9tico<\/strong><\/p>\n<p>Con respecto a la lucha contra la miner\u00eda ilegal se trabajar\u00e1 en conjunto en planes de control. Por otro lado, est\u00e1 la constituci\u00f3n de una Red de Gesti\u00f3n Binacional de \u00c1reas Protegidas, donde los encargados ser\u00e1n los Ministerios del Ambiente de ambos pa\u00edses a trav\u00e9s del Servicio Nacional de \u00c1reas Naturales Protegidas por el Estado del Per\u00fa, y la Subsecretaria de Patrimonio Natural a trav\u00e9s de la Direcci\u00f3n Nacional de Biodiversidad del Ecuador.<\/p>\n<p>Despu\u00e9s de varias horas de di\u00e1logo los dos pa\u00edses firmaron oficialmente 3 acuerdos:<\/p>\n<p>* Suscripci\u00f3n del Protocolo modificatorio al convenio sobre transferencia de personas condenadas entre la Rep\u00fablica del Ecuador y la Rep\u00fablica del Per\u00fa<\/p>\n<p>* Suscripci\u00f3n del Acuerdo Interinstitucional para la Constituci\u00f3n de la Red de Intercambio de Experiencias y Buenas Pr\u00e1cticas de Investigaci\u00f3n y Nuevas Tecnolog\u00edas en materia de Discapacidad.<\/p>\n<p>* Suscripci\u00f3n de memorandum de entendimiento para establecer una Red de Gesti\u00f3n Binacional de \u00c1reas Protegidas del Sur de Ecuador y el Norte de Per\u00fa.<\/p>\n","protected":false},"excerpt":{"rendered":"<p class=\"excerpt\">Hoy, la Ministra de Ambiente, Lorena Tapia particip\u00f3 del Encuentro Presidencial y del VIII Gabinete Binacional Ecuador \u2013 Per\u00fa que se llev\u00f3 a cabo en Arenillas, El Oro. Este encuentro se realiza despu\u00e9s de un a\u00f1o de que los funcionarios de ambos pa\u00edses hermanos se reunieran en la ciudad de Piura en Per\u00fa. Al iniciar el encuentro binacional el Presidente&hellip; <a href=\"https:\/\/www.ambienteyenergia.gob.ec\/ambiente\/ministra-lorena-tapia-formo-parte-de-la-comitiva-en-el-encuentro-presidencial-y-viii-gabinete-binacional-ecuador-peru\/\">Read more &rarr;<\/a><\/p>\n","protected":false},"author":13,"featured_media":23119,"comment_status":"open","ping_status":"open","sticky":false,"template":"","format":"standard","meta":{"footnotes":""},"categories":[16,4],"tags":[51,564,387],"class_list":["post-23118","post","type-post","status-publish","format-standard","has-post-thumbnail","hentry","category-comunicamos","category-noticias","tag-ambiente","tag-binacional","tag-mae-lorena-tapia","xfolkentry"],"_links":{"self":[{"href":"https:\/\/www.ambienteyenergia.gob.ec\/ambiente\/wp-json\/wp\/v2\/posts\/23118","targetHints":{"allow":["GET"]}}],"collection":[{"href":"https:\/\/www.ambienteyenergia.gob.ec\/ambiente\/wp-json\/wp\/v2\/posts"}],"about":[{"href":"https:\/\/www.ambienteyenergia.gob.ec\/ambiente\/wp-json\/wp\/v2\/types\/post"}],"author":[{"embeddable":true,"href":"https:\/\/www.ambienteyenergia.gob.ec\/ambiente\/wp-json\/wp\/v2\/users\/13"}],"replies":[{"embeddable":true,"href":"https:\/\/www.ambienteyenergia.gob.ec\/ambiente\/wp-json\/wp\/v2\/comments?post=23118"}],"version-history":[{"count":0,"href":"https:\/\/www.ambienteyenergia.gob.ec\/ambiente\/wp-json\/wp\/v2\/posts\/23118\/revisions"}],"wp:featuredmedia":[{"embeddable":true,"href":"https:\/\/www.ambienteyenergia.gob.ec\/ambiente\/wp-json\/wp\/v2\/media\/23119"}],"wp:attachment":[{"href":"https:\/\/www.ambienteyenergia.gob.ec\/ambiente\/wp-json\/wp\/v2\/media?parent=23118"}],"wp:term":[{"taxonomy":"category","embeddable":true,"href":"https:\/\/www.ambienteyenergia.gob.ec\/ambiente\/wp-json\/wp\/v2\/categories?post=23118"},{"taxonomy":"post_tag","embeddable":true,"href":"https:\/\/www.ambienteyenergia.gob.ec\/ambiente\/wp-json\/wp\/v2\/tags?post=23118"}],"curies":[{"name":"wp","href":"https:\/\/api.w.org\/{rel}","templated":true}]}}