{"id":23108,"date":"2014-10-30T17:19:56","date_gmt":"2014-10-30T22:19:56","guid":{"rendered":"http:\/\/www.ambiente.gob.ec\/?p=23108"},"modified":"2014-10-30T17:19:56","modified_gmt":"2014-10-30T22:19:56","slug":"mae-presente-en-el-iv-encuentro-regional-de-intercambio-de-buenas-practicas-en-manejo-de-residuos-solidos","status":"publish","type":"post","link":"https:\/\/www.ambienteyenergia.gob.ec\/ambiente\/mae-presente-en-el-iv-encuentro-regional-de-intercambio-de-buenas-practicas-en-manejo-de-residuos-solidos\/","title":{"rendered":"MAE presente en el IV  Encuentro Regional de Intercambio de Buenas Pr\u00e1cticas en Manejo de Residuos S\u00f3lidos"},"content":{"rendered":"<p style=\"text-align: justify;\">Los d\u00edas 29, 30 y 31 de octubre se realiza el IV Encuentro Regional de Intercambio de Buenas Pr\u00e1cticas en Manejo de Residuos S\u00f3lidos, organizado por el Consorcio de Municipios Amaz\u00f3nicos y Gal\u00e1pagos del Ecuador (COMAGA), con el apoyo del Ministerio del Ambiente a trav\u00e9s del Programa Nacional para la Gesti\u00f3n Integral de Desechos S\u00f3lidos<\/p>\n<p style=\"text-align: justify;\">Este encuentro se lleva a cabo en el Parque Recreacional de Nueva Loja, de la Provincia de Sucumb\u00edos, en \u00e9l se encuentran participando los Alcaldes o delegados t\u00e9cnicos de 40 Gobiernos Aut\u00f3nomos Descentralizados Municipales (GADM), representantes del Banco del Estado, del Instituto Nacional de Eficiencia Energ\u00e9tica y Renovables (INER), de la Asociaci\u00f3n de Municipalidades del Ecuador (AME), del Ministerio de Salud P\u00fablica, entre otros organismos.<\/p>\n<p style=\"text-align: justify;\">En el Encuentro Regional la tem\u00e1tica espec\u00edfica expuesta por el equipo t\u00e9cnico del PNGIDS-MAE se enfoc\u00f3 en las pol\u00edticas y alcance de las acciones del MAE en la gesti\u00f3n integral de residuos s\u00f3lidos y en la gesti\u00f3n de desechos especiales, en donde se abarcaron temas referentes al Plan Nacional de Movilizaci\u00f3n de Neum\u00e1ticos 2014.<\/p>\n<p>El objetivo de este evento es generar un espacio de aprendizaje e intercambio de conocimientos y experiencias, difundir pol\u00edticas, leyes, normas para una adecuada gesti\u00f3n de los residuos s\u00f3lidos desde los municipios y definir l\u00edneas de acci\u00f3n para un trabajo coordinado entre los gobiernos locales y las instituciones del sector p\u00fablico.<\/p>\n","protected":false},"excerpt":{"rendered":"<p class=\"excerpt\">Los d\u00edas 29, 30 y 31 de octubre se realiza el IV Encuentro Regional de Intercambio de Buenas Pr\u00e1cticas en Manejo de Residuos S\u00f3lidos, organizado por el Consorcio de Municipios Amaz\u00f3nicos y Gal\u00e1pagos del Ecuador (COMAGA), con el apoyo del Ministerio del Ambiente a trav\u00e9s del Programa Nacional para la Gesti\u00f3n Integral de Desechos S\u00f3lidos Este encuentro se lleva a&hellip; <a href=\"https:\/\/www.ambienteyenergia.gob.ec\/ambiente\/mae-presente-en-el-iv-encuentro-regional-de-intercambio-de-buenas-practicas-en-manejo-de-residuos-solidos\/\">Read more &rarr;<\/a><\/p>\n","protected":false},"author":13,"featured_media":23109,"comment_status":"open","ping_status":"open","sticky":false,"template":"","format":"standard","meta":{"footnotes":""},"categories":[16,4],"tags":[387,90],"class_list":["post-23108","post","type-post","status-publish","format-standard","has-post-thumbnail","hentry","category-comunicamos","category-noticias","tag-mae-lorena-tapia","tag-pngids","xfolkentry"],"_links":{"self":[{"href":"https:\/\/www.ambienteyenergia.gob.ec\/ambiente\/wp-json\/wp\/v2\/posts\/23108","targetHints":{"allow":["GET"]}}],"collection":[{"href":"https:\/\/www.ambienteyenergia.gob.ec\/ambiente\/wp-json\/wp\/v2\/posts"}],"about":[{"href":"https:\/\/www.ambienteyenergia.gob.ec\/ambiente\/wp-json\/wp\/v2\/types\/post"}],"author":[{"embeddable":true,"href":"https:\/\/www.ambienteyenergia.gob.ec\/ambiente\/wp-json\/wp\/v2\/users\/13"}],"replies":[{"embeddable":true,"href":"https:\/\/www.ambienteyenergia.gob.ec\/ambiente\/wp-json\/wp\/v2\/comments?post=23108"}],"version-history":[{"count":0,"href":"https:\/\/www.ambienteyenergia.gob.ec\/ambiente\/wp-json\/wp\/v2\/posts\/23108\/revisions"}],"wp:featuredmedia":[{"embeddable":true,"href":"https:\/\/www.ambienteyenergia.gob.ec\/ambiente\/wp-json\/wp\/v2\/media\/23109"}],"wp:attachment":[{"href":"https:\/\/www.ambienteyenergia.gob.ec\/ambiente\/wp-json\/wp\/v2\/media?parent=23108"}],"wp:term":[{"taxonomy":"category","embeddable":true,"href":"https:\/\/www.ambienteyenergia.gob.ec\/ambiente\/wp-json\/wp\/v2\/categories?post=23108"},{"taxonomy":"post_tag","embeddable":true,"href":"https:\/\/www.ambienteyenergia.gob.ec\/ambiente\/wp-json\/wp\/v2\/tags?post=23108"}],"curies":[{"name":"wp","href":"https:\/\/api.w.org\/{rel}","templated":true}]}}