{"id":23104,"date":"2014-10-30T16:18:36","date_gmt":"2014-10-30T21:18:36","guid":{"rendered":"http:\/\/www.ambiente.gob.ec\/?p=23104"},"modified":"2014-10-30T16:21:40","modified_gmt":"2014-10-30T21:21:40","slug":"mae-presentara-los-resultados-de-la-ejecucion-del-proyecto-biocomercio-andino-y-futuro-del-biocomercio-en-ecuador","status":"publish","type":"post","link":"https:\/\/www.ambienteyenergia.gob.ec\/ambiente\/mae-presentara-los-resultados-de-la-ejecucion-del-proyecto-biocomercio-andino-y-futuro-del-biocomercio-en-ecuador\/","title":{"rendered":"MAE presentar\u00e1 los resultados de la ejecuci\u00f3n del Proyecto Biocomercio Andino y Futuro del Biocomercio en Ecuador"},"content":{"rendered":"<p style=\"text-align: justify;\">Ma\u00f1ana, a partir de las 08:00 se realizar\u00e1 el Foro sobre \u201cResultados de la Ejecuci\u00f3n del Proyecto Biocomercio Andino (2011 \u2013 2014) y Futuro del Biocomercio en Ecuador\u201d, en el Sal\u00f3n St. Moritz (B y C) del Swiss\u00f4tel, de Quito, como parte las actividades de cierre de este trabajo paralelo de los Gobiernos de Colombia, Per\u00fa y Ecuador en materia ambiental.<\/p>\n<p style=\"text-align: justify;\">Financiado por el Fondo Mundial para el Medio Ambiente (\u201cGEF\u201d por sus siglas en ingl\u00e9s); este proyecto tiene como objetivo proteger y aprovechar de forma sostenible la biodiversidad de la regi\u00f3n andina, apoyando al sector del Biocomercio.<\/p>\n<p style=\"text-align: justify;\">Con el af\u00e1n de generar espacios de di\u00e1logo para el intercambio de experiencias, generaci\u00f3n de conocimiento y rendici\u00f3n de cuentas, en los que se promuevan estrategias de desarrollo que incorporen la visi\u00f3n ambiental, social y econ\u00f3mica en un aprovechamiento sostenible de recursos, como medio para la protecci\u00f3n de ecosistemas y especies, as\u00ed como, las comunidades que habitan en zonas de influencia, el Ministerio del Ambiente presentar\u00e1 los resultados y har\u00e1 el cierre del Proyecto de Biocomercio en Ecuador.<\/p>\n<p style=\"text-align: justify;\">Este evento est\u00e1 orientado a socializar y promover el trabajo de iniciativas empresariales y de asociaciones vinculadas al manejo y aprovechamiento sostenible de la vida silvestre con fines comerciales y bajo par\u00e1metros de sostenibilidad ambiental, social y econ\u00f3mica.<\/p>\n","protected":false},"excerpt":{"rendered":"<p class=\"excerpt\">Ma\u00f1ana, a partir de las 08:00 se realizar\u00e1 el Foro sobre \u201cResultados de la Ejecuci\u00f3n del Proyecto Biocomercio Andino (2011 \u2013 2014) y Futuro del Biocomercio en Ecuador\u201d, en el Sal\u00f3n St. Moritz (B y C) del Swiss\u00f4tel, de Quito, como parte las actividades de cierre de este trabajo paralelo de los Gobiernos de Colombia, Per\u00fa y Ecuador en materia&hellip; <a href=\"https:\/\/www.ambienteyenergia.gob.ec\/ambiente\/mae-presentara-los-resultados-de-la-ejecucion-del-proyecto-biocomercio-andino-y-futuro-del-biocomercio-en-ecuador\/\">Read more &rarr;<\/a><\/p>\n","protected":false},"author":13,"featured_media":22884,"comment_status":"open","ping_status":"open","sticky":false,"template":"","format":"standard","meta":{"footnotes":""},"categories":[16,4],"tags":[387],"class_list":["post-23104","post","type-post","status-publish","format-standard","has-post-thumbnail","hentry","category-comunicamos","category-noticias","tag-mae-lorena-tapia","xfolkentry"],"_links":{"self":[{"href":"https:\/\/www.ambienteyenergia.gob.ec\/ambiente\/wp-json\/wp\/v2\/posts\/23104","targetHints":{"allow":["GET"]}}],"collection":[{"href":"https:\/\/www.ambienteyenergia.gob.ec\/ambiente\/wp-json\/wp\/v2\/posts"}],"about":[{"href":"https:\/\/www.ambienteyenergia.gob.ec\/ambiente\/wp-json\/wp\/v2\/types\/post"}],"author":[{"embeddable":true,"href":"https:\/\/www.ambienteyenergia.gob.ec\/ambiente\/wp-json\/wp\/v2\/users\/13"}],"replies":[{"embeddable":true,"href":"https:\/\/www.ambienteyenergia.gob.ec\/ambiente\/wp-json\/wp\/v2\/comments?post=23104"}],"version-history":[{"count":0,"href":"https:\/\/www.ambienteyenergia.gob.ec\/ambiente\/wp-json\/wp\/v2\/posts\/23104\/revisions"}],"wp:featuredmedia":[{"embeddable":true,"href":"https:\/\/www.ambienteyenergia.gob.ec\/ambiente\/wp-json\/wp\/v2\/media\/22884"}],"wp:attachment":[{"href":"https:\/\/www.ambienteyenergia.gob.ec\/ambiente\/wp-json\/wp\/v2\/media?parent=23104"}],"wp:term":[{"taxonomy":"category","embeddable":true,"href":"https:\/\/www.ambienteyenergia.gob.ec\/ambiente\/wp-json\/wp\/v2\/categories?post=23104"},{"taxonomy":"post_tag","embeddable":true,"href":"https:\/\/www.ambienteyenergia.gob.ec\/ambiente\/wp-json\/wp\/v2\/tags?post=23104"}],"curies":[{"name":"wp","href":"https:\/\/api.w.org\/{rel}","templated":true}]}}