{"id":23100,"date":"2014-10-29T16:17:55","date_gmt":"2014-10-29T21:17:55","guid":{"rendered":"http:\/\/www.ambiente.gob.ec\/?p=23100"},"modified":"2014-10-29T16:17:55","modified_gmt":"2014-10-29T21:17:55","slug":"iii-taller-para-el-desarrollo-del-sistema-de-inventarios-nacionales-de-gases-efecto-invernadero-singei-en-el-ecuador-se-desarrollo-en-quito","status":"publish","type":"post","link":"https:\/\/www.ambienteyenergia.gob.ec\/ambiente\/iii-taller-para-el-desarrollo-del-sistema-de-inventarios-nacionales-de-gases-efecto-invernadero-singei-en-el-ecuador-se-desarrollo-en-quito\/","title":{"rendered":"III Taller para el desarrollo del Sistema de Inventarios Nacionales de Gases Efecto Invernadero (SINGEI) en el Ecuador se desarroll\u00f3 en Quito"},"content":{"rendered":"<p style=\"text-align: justify;\">El Ministerio del Ambiente de Ecuador (MAE), a trav\u00e9s de la Subsecretar\u00eda de Cambio Clim\u00e1tico y sus proyectos de Fomento de Capacidades para la Mitigaci\u00f3n del cambio clim\u00e1tico en Ecuador (LECB, por sus siglas en ingl\u00e9s) y Tercera Comunicaci\u00f3n Nacional (TCN), realiz\u00f3 el III Taller para el desarrollo del Sistema de Inventarios Nacionales de Gases de Efecto Invernadero (SINGEI) en el Ecuador.<\/p>\n<p>Validar las corridas del c\u00e1lculo de inventario de Gases de Efecto Invernadero (GEI) realizadas por el proyecto LECB, con la participaci\u00f3n del equipo de actores interinstitucionales involucrados,\u00a0 fue el principal objetivo de este taller. Durante este encuentro se trataron temas concernientes a la determinaci\u00f3n de incertidumbres en los procesos de INGEI y el an\u00e1lisis de categor\u00edas de fuente principales.<\/p>\n<p style=\"text-align: justify;\">\nLos grupos intersectoriales del equipo de inventarios como Energ\u00eda; Procesos Industriales; Desechos; Agricultura; Usos del Suelo, Cambio de Usos del Suelo y Silvicultura (USCUSS), est\u00e1n conformados por 16 instituciones claves del sector p\u00fablico y privado del Ecuador, los cuales trabajan conjuntamente con el proyecto en la recolecci\u00f3n de informaci\u00f3n para el desarrollo del sistema nacional de gases efecto invernadero levantando el inventario del a\u00f1o 2010.<\/p>\n<p style=\"text-align: justify;\">\nEste tercer taller complementa el trabajo realizado en los talleres anteriores, en los cuales se consideraron temas como: introducci\u00f3n al inventario nacional de gases efecto invernadero, teor\u00eda para la preparaci\u00f3n del sistema de inventarios en el pa\u00eds, arreglos interinstitucionales, directrices y gu\u00edas del Panel Intergubernamental de Cambio Clim\u00e1tico (IPCC), beneficios de un INGEI y SINGEI, y establecimiento institucional de un SINGEI.<\/p>\n<p style=\"text-align: justify;\">\nFinalmente, 120 asistentes han sido capacitados en la construcci\u00f3n del sistema nacional de inventarios con un enfoque de trasparencia, coherencia, comparabilidad, exhaustividad y exactitud.<\/p>\n","protected":false},"excerpt":{"rendered":"<p class=\"excerpt\">El Ministerio del Ambiente de Ecuador (MAE), a trav\u00e9s de la Subsecretar\u00eda de Cambio Clim\u00e1tico y sus proyectos de Fomento de Capacidades para la Mitigaci\u00f3n del cambio clim\u00e1tico en Ecuador (LECB, por sus siglas en ingl\u00e9s) y Tercera Comunicaci\u00f3n Nacional (TCN), realiz\u00f3 el III Taller para el desarrollo del Sistema de Inventarios Nacionales de Gases de Efecto Invernadero (SINGEI) en&hellip; <a href=\"https:\/\/www.ambienteyenergia.gob.ec\/ambiente\/iii-taller-para-el-desarrollo-del-sistema-de-inventarios-nacionales-de-gases-efecto-invernadero-singei-en-el-ecuador-se-desarrollo-en-quito\/\">Read more &rarr;<\/a><\/p>\n","protected":false},"author":13,"featured_media":23101,"comment_status":"open","ping_status":"open","sticky":false,"template":"","format":"standard","meta":{"footnotes":""},"categories":[16,4],"tags":[],"class_list":["post-23100","post","type-post","status-publish","format-standard","has-post-thumbnail","hentry","category-comunicamos","category-noticias","xfolkentry"],"_links":{"self":[{"href":"https:\/\/www.ambienteyenergia.gob.ec\/ambiente\/wp-json\/wp\/v2\/posts\/23100","targetHints":{"allow":["GET"]}}],"collection":[{"href":"https:\/\/www.ambienteyenergia.gob.ec\/ambiente\/wp-json\/wp\/v2\/posts"}],"about":[{"href":"https:\/\/www.ambienteyenergia.gob.ec\/ambiente\/wp-json\/wp\/v2\/types\/post"}],"author":[{"embeddable":true,"href":"https:\/\/www.ambienteyenergia.gob.ec\/ambiente\/wp-json\/wp\/v2\/users\/13"}],"replies":[{"embeddable":true,"href":"https:\/\/www.ambienteyenergia.gob.ec\/ambiente\/wp-json\/wp\/v2\/comments?post=23100"}],"version-history":[{"count":0,"href":"https:\/\/www.ambienteyenergia.gob.ec\/ambiente\/wp-json\/wp\/v2\/posts\/23100\/revisions"}],"wp:featuredmedia":[{"embeddable":true,"href":"https:\/\/www.ambienteyenergia.gob.ec\/ambiente\/wp-json\/wp\/v2\/media\/23101"}],"wp:attachment":[{"href":"https:\/\/www.ambienteyenergia.gob.ec\/ambiente\/wp-json\/wp\/v2\/media?parent=23100"}],"wp:term":[{"taxonomy":"category","embeddable":true,"href":"https:\/\/www.ambienteyenergia.gob.ec\/ambiente\/wp-json\/wp\/v2\/categories?post=23100"},{"taxonomy":"post_tag","embeddable":true,"href":"https:\/\/www.ambienteyenergia.gob.ec\/ambiente\/wp-json\/wp\/v2\/tags?post=23100"}],"curies":[{"name":"wp","href":"https:\/\/api.w.org\/{rel}","templated":true}]}}