{"id":23077,"date":"2014-10-29T13:43:14","date_gmt":"2014-10-29T18:43:14","guid":{"rendered":"http:\/\/www.ambiente.gob.ec\/?p=23077"},"modified":"2014-10-29T13:43:14","modified_gmt":"2014-10-29T18:43:14","slug":"productores-de-sucumbios-reciben-insumos-agropecuarios-y-material-educativo-para-mejorar-el-equilibrio-ambiental-y-la-produccion-de-sus-fincas","status":"publish","type":"post","link":"https:\/\/www.ambienteyenergia.gob.ec\/ambiente\/productores-de-sucumbios-reciben-insumos-agropecuarios-y-material-educativo-para-mejorar-el-equilibrio-ambiental-y-la-produccion-de-sus-fincas\/","title":{"rendered":"Productores de Sucumb\u00edos reciben insumos agropecuarios y material educativo para mejorar el equilibrio ambiental y la producci\u00f3n de sus fincas"},"content":{"rendered":"<p style=\"margin-bottom: 0.35cm; line-height: 150%;\" align=\"JUSTIFY\">La Junta Parroquial de Pacayacu, ubicada en la provincia de Sucumb\u00edos, acogi\u00f3 esta ma\u00f1ana a 150 agricultores provenientes de las comunidades: San Rafael, Nueva Loja, La Chone I y II, Playeras, San Vicente y Chiritza. Hombres y mujeres llegaron entusiasmados para participar de la \u201cEntrega de insumos, semillas, equipo agropecuario y material educativo para los beneficiarios del Proyecto de Restauraci\u00f3n Manejo Integrado a Escala de Paisaje\u201d.<\/p>\n<p style=\"margin-bottom: 0.35cm; line-height: 150%;\" align=\"JUSTIFY\">Durante el evento organizado por el Programa de Reparaci\u00f3n Ambiental y Social (PRAS) del Ministerio del Ambiente (MAE) se resaltaron los resultados del esfuerzo interinstitucional que ha logrado restablecer el equilibrio ecol\u00f3gico de 10 fincas piloto afectadas por los impactos negativos de la actividad extractiva irresponsable. Los resultados positivos de unir el talento humano y los recursos t\u00e9cnicos y econ\u00f3micos alrededor de un mismo prop\u00f3sito fueron aplaudidos por el Teniente Pol\u00edtico, F\u00e9lix Briones, el Presidente de la Junta parroquial, Henry Castro, y los vocales del GAD parroquial de Pacayacu.<\/p>\n<p style=\"margin-bottom: 0.35cm; line-height: 150%;\" align=\"JUSTIFY\">Ignacio Mart\u00ednez, Gerente del PRAS, en representaci\u00f3n de la Ministra del Ambiente, Lorena Tapia, extendi\u00f3 un afectuoso agradecimiento a los productores que se han involucrado en la primera fase del proyecto: \u201csu trabajo, esfuerzo y perseverancia han sido las herramientas m\u00e1s importantes para que esta iniciativa se desarrolle con \u00e9xito\u201d.<\/p>\n<p style=\"margin-bottom: 0.35cm; line-height: 150%;\" align=\"JUSTIFY\">La entrega del material agropecuario permitir\u00e1 que las fincas, contin\u00faen sus procesos de restauraci\u00f3n con tierras m\u00e1s productivas, vigorosas plantaciones de caf\u00e9 y cacao, as\u00ed como ganado m\u00e1s robusto y saludable.<\/p>\n<p style=\"margin-bottom: 0.35cm; line-height: 150%;\" align=\"JUSTIFY\">Durante la jornada tambi\u00e9n se realiz\u00f3 el lanzamiento de la colecci\u00f3n de libros \u201cReparaci\u00f3n Amazon\u00eda\u201d que est\u00e1 integrada por tres textos titulados: \u201c\u00bfC\u00f3mo podemos mejorar la finca cafetalera en la Amazon\u00eda?, \u201cPlanificaci\u00f3n agroforestal de fincas\u201d y \u201cBuenas pr\u00e1cticas para la conservaci\u00f3n de la biodiversidad en fincas ganaderas\u201d. Esta colecci\u00f3n constituye una herramienta did\u00e1ctica para los productores comprometidos con la reparaci\u00f3n ambiental, social y productiva de las fincas, a partir de un adecuado manejo agroproductivo.<\/p>\n<p style=\"margin-bottom: 0.35cm; line-height: 150%;\" align=\"JUSTIFY\">Despu\u00e9s de la entrega de insumos, las autoridades y un grupo de medios de comunicaci\u00f3n se trasladaron a la finca \u201cRancho Bonito\u201d del Sr. Julio Moreira, en donde realizaron un recorrido en el que se pudo constatar de primera mano las mejoras en el paisaje, y en la producci\u00f3n del alimento para el ganado, as\u00ed como en las plantaciones de caf\u00e9 y cacao.<\/p>\n<p style=\"margin-bottom: 0.35cm; line-height: 150%;\" align=\"JUSTIFY\">El suelo de la finca del Sr. Moreira ha sido recuperado con un sinn\u00famero de t\u00e9cnicas, una de ellas, consiste en la siembra combinada de plantas gram\u00edneas con leguminosas. Estas plantas no solo sirven de alimento para el ganado, sino que mejoran los aspectos f\u00edsicos, qu\u00edmicos y biol\u00f3gicos del suelo.<\/p>\n<p style=\"margin-bottom: 0.35cm; line-height: 150%;\" align=\"JUSTIFY\">El Sr. Moreira cuenta con alegr\u00eda que su trabajo en la finca tambi\u00e9n aporta a la mitigaci\u00f3n del cambio clim\u00e1tico y a la conservaci\u00f3n. Al optimizar el espacio y mejorar la calidad del alimento para el ganado ha podido liberar largas extensiones de tierra para sembrar \u00e1rboles. Con ello aporta a la fijaci\u00f3n de carbono y su bosque se ha transformado en un corredor de biodiversidad. \u201cEl otro d\u00eda yo andaba en el raleo y de pronto alcanc\u00e9 a ver que una fila de monitos se pasaba de un \u00e1rbol a otro\u201d.<\/p>\n<p style=\"margin-bottom: 0.35cm; line-height: 150%;\" align=\"JUSTIFY\">10 fincas pilotos se beneficiaron de la primera fase del proyecto que arranc\u00f3 este a\u00f1o con el apoyo del el Gobierno Aut\u00f3nomo Descentralizado Parroquial Rural de Pacayacu, el Ministerio de Agricultura, Ganader\u00eda, Acuacultura y Pesca (MAGAP), el Centro de Investigaciones y Servicios Agropecuarios de Sucumb\u00edos (CISAS), el Instituto Nacional Aut\u00f3nomo de Investigaciones Agropecuarias (INIAP), y el Centro Agron\u00f3mico de Investigaci\u00f3n y Ense\u00f1anza (CATIE).<\/p>\n<p style=\"margin-bottom: 0.35cm; line-height: 150%;\" align=\"JUSTIFY\">El PRAS espera que para el 2015 la cifra de fincas involucradas con el proyecto se triplique y cada vez sean m\u00e1s los agricultores que contribuyan a alcanzar la meta de un \u201cEcuador m\u00e1s verde\u201d.<\/p>\n","protected":false},"excerpt":{"rendered":"<p class=\"excerpt\">La Junta Parroquial de Pacayacu, ubicada en la provincia de Sucumb\u00edos, acogi\u00f3 esta ma\u00f1ana a 150 agricultores provenientes de las comunidades: San Rafael, Nueva Loja, La Chone I y II, Playeras, San Vicente y Chiritza. Hombres y mujeres llegaron entusiasmados para participar de la \u201cEntrega de insumos, semillas, equipo agropecuario y material educativo para los beneficiarios del Proyecto de Restauraci\u00f3n&hellip; <a href=\"https:\/\/www.ambienteyenergia.gob.ec\/ambiente\/productores-de-sucumbios-reciben-insumos-agropecuarios-y-material-educativo-para-mejorar-el-equilibrio-ambiental-y-la-produccion-de-sus-fincas\/\">Read more &rarr;<\/a><\/p>\n","protected":false},"author":13,"featured_media":23078,"comment_status":"open","ping_status":"open","sticky":false,"template":"","format":"standard","meta":{"footnotes":""},"categories":[16,4],"tags":[387,299],"class_list":["post-23077","post","type-post","status-publish","format-standard","has-post-thumbnail","hentry","category-comunicamos","category-noticias","tag-mae-lorena-tapia","tag-pras","xfolkentry"],"_links":{"self":[{"href":"https:\/\/www.ambienteyenergia.gob.ec\/ambiente\/wp-json\/wp\/v2\/posts\/23077","targetHints":{"allow":["GET"]}}],"collection":[{"href":"https:\/\/www.ambienteyenergia.gob.ec\/ambiente\/wp-json\/wp\/v2\/posts"}],"about":[{"href":"https:\/\/www.ambienteyenergia.gob.ec\/ambiente\/wp-json\/wp\/v2\/types\/post"}],"author":[{"embeddable":true,"href":"https:\/\/www.ambienteyenergia.gob.ec\/ambiente\/wp-json\/wp\/v2\/users\/13"}],"replies":[{"embeddable":true,"href":"https:\/\/www.ambienteyenergia.gob.ec\/ambiente\/wp-json\/wp\/v2\/comments?post=23077"}],"version-history":[{"count":0,"href":"https:\/\/www.ambienteyenergia.gob.ec\/ambiente\/wp-json\/wp\/v2\/posts\/23077\/revisions"}],"wp:featuredmedia":[{"embeddable":true,"href":"https:\/\/www.ambienteyenergia.gob.ec\/ambiente\/wp-json\/wp\/v2\/media\/23078"}],"wp:attachment":[{"href":"https:\/\/www.ambienteyenergia.gob.ec\/ambiente\/wp-json\/wp\/v2\/media?parent=23077"}],"wp:term":[{"taxonomy":"category","embeddable":true,"href":"https:\/\/www.ambienteyenergia.gob.ec\/ambiente\/wp-json\/wp\/v2\/categories?post=23077"},{"taxonomy":"post_tag","embeddable":true,"href":"https:\/\/www.ambienteyenergia.gob.ec\/ambiente\/wp-json\/wp\/v2\/tags?post=23077"}],"curies":[{"name":"wp","href":"https:\/\/api.w.org\/{rel}","templated":true}]}}