{"id":23073,"date":"2014-10-29T13:29:26","date_gmt":"2014-10-29T18:29:26","guid":{"rendered":"http:\/\/www.ambiente.gob.ec\/?p=23073"},"modified":"2014-10-29T14:31:15","modified_gmt":"2014-10-29T19:31:15","slug":"ecuador-listo-para-recibir-a-delegados-de-120-paises-para-convencion-mundial-de-especies-migratorias","status":"publish","type":"post","link":"https:\/\/www.ambienteyenergia.gob.ec\/ambiente\/ecuador-listo-para-recibir-a-delegados-de-120-paises-para-convencion-mundial-de-especies-migratorias\/","title":{"rendered":"Ecuador, listo para recibir a delegados de 120 pa\u00edses para Convenci\u00f3n mundial de Especies Migratorias"},"content":{"rendered":"<p style=\"text-align: justify;\">A partir del 2 de noviembre, Ecuador recibir\u00e1 a m\u00e1s de 600 delegados a nivel mundial que participar\u00e1n en la XI Conferencia de las Partes, en el marco de la Convenci\u00f3n sobre Conservaci\u00f3n de Especies Migratorias de Animales Silvestres (CMS).<\/p>\n<p style=\"text-align: justify;\">Quito ser\u00e1 el escenario del mayor evento ambiental a nivel mundial que congrega a representantes y tomadores de decisi\u00f3n de 120 naciones comprometidas con un nuevo pacto para la conservaci\u00f3n de especies migratorias y sus h\u00e1bitats en peligro, en el desarrollo de este evento mundial de Naciones Unidas.<\/p>\n<p style=\"text-align: justify;\">El Ministerio del Ambiente ultima detalles para el evento al cual han confirmado presencia los Ministros de Ambiente de pa\u00edses como Uruguay, Brasil, Bolivia y Per\u00fa. Adem\u00e1s, delegaciones t\u00e9cnicas de pa\u00edses de todo el mundo que arribar\u00e1n al Ecuador este fin de semana.<\/p>\n<p style=\"text-align: justify;\">La M\u00e1xima Autoridad Ambiental, Lorena Tapia N\u00fa\u00f1ez, reconoci\u00f3 que este evento es una gran oportunidad que tiene el pa\u00eds para demostrar a todos los participantes los avances de Ecuador en materia ambiental, a trav\u00e9s de sus proyectos emblem\u00e1ticos y programas nacionales de conservaci\u00f3n, protecci\u00f3n y restauraci\u00f3n. \u201cEsta es una oportunidad \u00fanica para trabajar mundialmente en favor de la conservaci\u00f3n de especies migratorias \u00fanicas en el mundo, que actualmente se encuentran en peligro de extinci\u00f3n\u201d.<\/p>\n<p style=\"text-align: justify;\">Esta ser\u00e1 la primera Conferencia de las Partes (COP por sus siglas en ingl\u00e9s), que se realiza en la Regi\u00f3n de Am\u00e9rica Latina y El Caribe. Adem\u00e1s contar\u00e1 con un Segmento Ministerial de Alto Nivel, por esto la importancia de destacar los esfuerzos realizados por el pa\u00eds en cuanto a la conservaci\u00f3n de la biodiversidad y cuidado de las especies migratorias.<\/p>\n<p style=\"text-align: justify;\">Ecuador se ha convertido en la actualidad en un referente mundial en materia de protecci\u00f3n de vida silvestre, debido principalmente a los logros pol\u00edtico-ambientales que desde hace ocho a\u00f1os se han conseguido, gracias al compromiso del Gobierno Nacional por conservar el patrimonio natural nacional y garantizar la protecci\u00f3n de los Derechos de la Naturaleza, contemplados en su Constituci\u00f3n.<\/p>\n<p style=\"text-align: justify;\">Como ejemplo de pol\u00edticas de conservaci\u00f3n, Ecuador cuenta con 8 Planes de Acci\u00f3n y Estrategias Nacionales de Conservaci\u00f3n de vida silvestre, con el af\u00e1n de garantizar la protecci\u00f3n y conservaci\u00f3n de especies migratorias, entre ellas: aves, tortugas, murci\u00e9lagos, mariposas y tiburones.<\/p>\n<p style=\"text-align: justify;\">\u201cEl MAE trabaja constantemente en la implementaci\u00f3n de estrategias de protecci\u00f3n de especies para continuar con nuestro prop\u00f3sito de conservaci\u00f3n, por ello buscamos enmarcar los lineamientos que deriven en las condiciones apropiadas para conservar nuestras especies emblem\u00e1ticas y que ellos sean capaces de auto mantenerse en una situaci\u00f3n libre de amenazas, constituyendo una poblaci\u00f3n gen\u00e9tica y demogr\u00e1ficamente saludable\u201d, recalc\u00f3 la Ministra de Ambiente.<\/p>\n<p style=\"text-align: justify;\"><strong>Actividades t\u00e9cnicas a desarrollarse<\/strong><\/p>\n<p style=\"text-align: justify;\">\nEste lunes 3 de noviembre se realizar\u00e1 el segmento de Alto Nivel Ministerial para delinear pol\u00edticas macro de la Convenci\u00f3n y el 4 de noviembre a las 19:30 en el Centro de Convenciones Eugenio Espejo ser\u00e1 la inauguraci\u00f3n oficial del evento internacional de Naciones Unidas con todos los representantes.<\/p>\n<p style=\"text-align: justify;\">Como parte de las actividades a desarrollarse en esta conferencia, el Gobierno de Costa Rica y Ecuador prev\u00e9 realizar una propuesta para incluir al Tibur\u00f3n Martillo Com\u00fan (<em>Sphyrna lewini<\/em>) y Gigante (<em>Sphyrna mokarran<\/em>) en el ap\u00e9ndice II de la CMS, con el objetivo de generar pol\u00edticas regionales que promuevan la disminuci\u00f3n en las amenazas a estas especies como la pesca global extensiva, el desarrollo costero y el crecimiento de la poblaci\u00f3n humana.<\/p>\n<p style=\"text-align: justify;\">Por otro lado, se busca integrar a las especies Playerito Semipalmeado (<em>Calidris pusilla<\/em>) y Reinita Canadiense (<em>Cardellina canadensis<\/em>) en los ap\u00e9ndices I y II de la CMS, para lograr la conservaci\u00f3n de sus h\u00e1bitats naturales y corredores migratorios, evitando la caza ilegal y destrucci\u00f3n de sus ecosistemas.<\/p>\n<p style=\"text-align: justify;\">\u201cNo escatimaremos esfuerzos para generar los mejores aportes en pro de la conservaci\u00f3n de especies migratorias y demostrar que aunque seamos un pa\u00eds peque\u00f1o somos grandes en el trabajo por mejorar la conservaci\u00f3n de nuestras especies, siempre pensando en dejar un Ecuador m\u00e1s Verde\u201d, coment\u00f3 Lorena Tapia.<\/p>\n","protected":false},"excerpt":{"rendered":"<p class=\"excerpt\">A partir del 2 de noviembre, Ecuador recibir\u00e1 a m\u00e1s de 600 delegados a nivel mundial que participar\u00e1n en la XI Conferencia de las Partes, en el marco de la Convenci\u00f3n sobre Conservaci\u00f3n de Especies Migratorias de Animales Silvestres (CMS). Quito ser\u00e1 el escenario del mayor evento ambiental a nivel mundial que congrega a representantes y tomadores de decisi\u00f3n de&hellip; <a href=\"https:\/\/www.ambienteyenergia.gob.ec\/ambiente\/ecuador-listo-para-recibir-a-delegados-de-120-paises-para-convencion-mundial-de-especies-migratorias\/\">Read more &rarr;<\/a><\/p>\n","protected":false},"author":13,"featured_media":22857,"comment_status":"open","ping_status":"open","sticky":false,"template":"","format":"standard","meta":{"footnotes":""},"categories":[16,4],"tags":[559,387],"class_list":["post-23073","post","type-post","status-publish","format-standard","has-post-thumbnail","hentry","category-comunicamos","category-noticias","tag-cop11","tag-mae-lorena-tapia","xfolkentry"],"_links":{"self":[{"href":"https:\/\/www.ambienteyenergia.gob.ec\/ambiente\/wp-json\/wp\/v2\/posts\/23073","targetHints":{"allow":["GET"]}}],"collection":[{"href":"https:\/\/www.ambienteyenergia.gob.ec\/ambiente\/wp-json\/wp\/v2\/posts"}],"about":[{"href":"https:\/\/www.ambienteyenergia.gob.ec\/ambiente\/wp-json\/wp\/v2\/types\/post"}],"author":[{"embeddable":true,"href":"https:\/\/www.ambienteyenergia.gob.ec\/ambiente\/wp-json\/wp\/v2\/users\/13"}],"replies":[{"embeddable":true,"href":"https:\/\/www.ambienteyenergia.gob.ec\/ambiente\/wp-json\/wp\/v2\/comments?post=23073"}],"version-history":[{"count":0,"href":"https:\/\/www.ambienteyenergia.gob.ec\/ambiente\/wp-json\/wp\/v2\/posts\/23073\/revisions"}],"wp:featuredmedia":[{"embeddable":true,"href":"https:\/\/www.ambienteyenergia.gob.ec\/ambiente\/wp-json\/wp\/v2\/media\/22857"}],"wp:attachment":[{"href":"https:\/\/www.ambienteyenergia.gob.ec\/ambiente\/wp-json\/wp\/v2\/media?parent=23073"}],"wp:term":[{"taxonomy":"category","embeddable":true,"href":"https:\/\/www.ambienteyenergia.gob.ec\/ambiente\/wp-json\/wp\/v2\/categories?post=23073"},{"taxonomy":"post_tag","embeddable":true,"href":"https:\/\/www.ambienteyenergia.gob.ec\/ambiente\/wp-json\/wp\/v2\/tags?post=23073"}],"curies":[{"name":"wp","href":"https:\/\/api.w.org\/{rel}","templated":true}]}}