{"id":23062,"date":"2014-10-28T18:15:40","date_gmt":"2014-10-28T23:15:40","guid":{"rendered":"http:\/\/www.ambiente.gob.ec\/?p=23062"},"modified":"2014-10-28T18:15:51","modified_gmt":"2014-10-28T23:15:51","slug":"23062","status":"publish","type":"post","link":"https:\/\/www.ambienteyenergia.gob.ec\/ambiente\/23062\/","title":{"rendered":"La Pol\u00edtica Nacional de Gobernanza del Patrimonio Natural, una nueva forma de lograr el  desarrollo sostenible"},"content":{"rendered":"<p style=\"margin-bottom: 0cm; font-weight: normal; widows: 2; orphans: 2; text-decoration: none; text-align: justify;\" align=\"JUSTIFY\"><span style=\"font-family: Lucida Sans Unicode,serif;\"><span style=\"font-size: small;\"><i><span style=\"color: #000000;\"><span style=\"font-family: Calibri,serif;\">El Programa de Incentivos Socio Bosque, hasta la actualidad ha fi<\/span><\/span><span style=\"color: #000000;\"><span style=\"font-family: Calibri,serif;\">r<\/span><\/span><span style=\"color: #000000;\"><span style=\"font-family: Calibri,serif;\">mado cerca de 2 514 convenios a nivel nacional en el marco de la <\/span><\/span><span style=\"color: #000000;\"><span style=\"font-family: Calibri,serif;\">Pol\u00edtica Nacional de Gobernanza del Patrimonio Natural para la Sociedad del Buen Vivir.<\/span><\/span><\/i><\/span><\/span><\/p>\n<p style=\"margin-bottom: 0cm; font-style: normal; font-weight: normal; widows: 2; orphans: 2; text-decoration: none; text-align: justify;\" align=\"JUSTIFY\"><span style=\"font-family: Lucida Sans Unicode,serif;\"><span style=\"font-size: x-large;\"><span style=\"color: #000000;\"><span style=\"font-family: Calibri,serif;\"><span style=\"font-size: small;\"><span style=\"font-style: normal;\">C<\/span><\/span><\/span><\/span><span style=\"color: #000000;\"><span style=\"font-family: Calibri,serif;\"><span style=\"font-size: small;\"><span style=\"font-style: normal;\">omo parte de la agenda de la <\/span><\/span><\/span><\/span><strong><span style=\"color: #000000;\"><span style=\"font-family: Calibri,serif;\"><span style=\"font-size: small;\"><span style=\"font-style: normal;\"><span style=\"font-weight: normal;\">XVI Asamblea de la Red de Fondos Ambientales de Am\u00e9rica Latina y el Caribe, <\/span><\/span><\/span><\/span><\/span><\/strong><strong><span style=\"color: #000000;\"><span style=\"font-family: Calibri,serif;\"><span style=\"font-size: small;\"><span style=\"font-style: normal;\"><span style=\"font-weight: normal;\">hoy se desarrollo el primer panel sobre E<\/span><\/span><\/span><\/span><\/span><\/strong><span style=\"color: #000000;\"><span style=\"font-family: Calibri,serif;\"><span style=\"font-size: small;\"><span style=\"font-style: normal;\">strategias de <\/span><\/span><\/span><\/span><span style=\"color: #000000;\"><span style=\"font-family: Calibri,serif;\"><span style=\"font-size: small;\"><span style=\"font-style: normal;\">M<\/span><\/span><\/span><\/span><span style=\"color: #000000;\"><span style=\"font-family: Calibri,serif;\"><span style=\"font-size: small;\"><span style=\"font-style: normal;\">ov<\/span><\/span><\/span><\/span><span style=\"color: #000000;\"><span style=\"font-family: Calibri,serif;\"><span style=\"font-size: small;\"><span style=\"font-style: normal;\">i<\/span><\/span><\/span><\/span><span style=\"color: #000000;\"><span style=\"font-family: Calibri,serif;\"><span style=\"font-size: small;\"><span style=\"font-style: normal;\">lizaci<\/span><\/span><\/span><\/span><span style=\"color: #000000;\"><span style=\"font-family: Calibri,serif;\"><span style=\"font-size: small;\"><span style=\"font-style: normal;\">\u00f3<\/span><\/span><\/span><\/span><span style=\"color: #000000;\"><span style=\"font-family: Calibri,serif;\"><span style=\"font-size: small;\"><span style=\"font-style: normal;\">n de <\/span><\/span><\/span><\/span><span style=\"color: #000000;\"><span style=\"font-family: Calibri,serif;\"><span style=\"font-size: small;\"><span style=\"font-style: normal;\">R<\/span><\/span><\/span><\/span><span style=\"color: #000000;\"><span style=\"font-family: Calibri,serif;\"><span style=\"font-size: small;\"><span style=\"font-style: normal;\">ecursos para la <\/span><\/span><\/span><\/span><span style=\"color: #000000;\"><span style=\"font-family: Calibri,serif;\"><span style=\"font-size: small;\"><span style=\"font-style: normal;\">C<\/span><\/span><\/span><\/span><span style=\"color: #000000;\"><span style=\"font-family: Calibri,serif;\"><span style=\"font-size: small;\"><span style=\"font-style: normal;\">onservaci\u00f3n, <\/span><\/span><\/span><\/span><span style=\"color: #000000;\"><span style=\"font-family: Calibri,serif;\"><span style=\"font-size: small;\"><span style=\"font-style: normal;\">con la intervecni\u00f3n de <\/span><\/span><\/span><\/span><span style=\"color: #000000;\"><span style=\"font-family: Calibri,serif;\"><span style=\"font-size: small;\"><span style=\"font-style: normal;\">Estevan Brenes <\/span><\/span><\/span><\/span><span style=\"color: #000000;\"><span style=\"font-family: Calibri,serif;\"><span style=\"font-size: small;\"><span style=\"font-style: normal;\">representante del Fondo Mundial para la Naturaleza (<\/span><\/span><\/span><\/span><span style=\"color: #000000;\"><span style=\"font-family: Calibri,serif;\"><span style=\"font-size: small;\"><span style=\"font-style: normal;\">WWF, <\/span><\/span><\/span><\/span><span style=\"color: #000000;\"><span style=\"font-family: Calibri,serif;\"><span style=\"font-size: small;\"><span style=\"font-style: normal;\">por sus siglas en ingl\u00e9s<\/span><\/span><\/span><\/span><span style=\"color: #000000;\"><span style=\"font-family: Calibri,serif;\"><span style=\"font-size: small;\"><span style=\"font-style: normal;\">); Jens Mackensen, <\/span><\/span><\/span><\/span><span style=\"color: #000000;\"><span style=\"font-family: Calibri,serif;\"><span style=\"font-size: small;\"><span style=\"font-style: normal;\">vocero del Banco Alem\u00e1n Gubernamental de Desarrollo <\/span><\/span><\/span><\/span><span style=\"color: #000000;\"><span style=\"font-family: Calibri,serif;\"><span style=\"font-size: small;\"><span style=\"font-style: normal;\">K<\/span><\/span><\/span><\/span><span style=\"color: #000000;\"><span style=\"font-family: Calibri,serif;\"><span style=\"font-size: small;\"><span style=\"font-style: normal;\">f<\/span><\/span><\/span><\/span><span style=\"color: #000000;\"><span style=\"font-family: Calibri,serif;\"><span style=\"font-size: small;\"><span style=\"font-style: normal;\">W<\/span><\/span><\/span><\/span><span style=\"color: #000000;\"><span style=\"font-family: Calibri,serif;\"><span style=\"font-size: small;\"><span style=\"font-style: normal;\">, <\/span><\/span><\/span><\/span><span style=\"color: #000000;\"><span style=\"font-family: Calibri,serif;\"><span style=\"font-size: small;\"><span style=\"font-style: normal;\">y Max Lascano, Gerente del Proyecto Socio Bosque.<\/span><\/span><\/span><\/span><\/span><\/span><\/p>\n<p style=\"margin-bottom: 0cm; font-style: normal; font-weight: normal; widows: 2; orphans: 2; text-decoration: none; text-align: justify;\" align=\"JUSTIFY\"><span style=\"font-family: Lucida Sans Unicode,serif;\"><span style=\"font-size: x-large;\"><span style=\"color: #000000;\"><span style=\"font-family: Calibri,serif;\"><span style=\"font-size: small;\"><span style=\"font-style: normal;\"><span style=\"font-weight: normal;\">En su presentaci\u00f3n, Max Lascano <\/span><\/span><\/span><\/span><\/span><span style=\"color: #000000;\"><span style=\"font-family: Calibri,serif;\"><span style=\"font-size: small;\"><span style=\"font-style: normal;\"><span style=\"font-weight: normal;\">comparti\u00f3 con los presentes sobre <\/span><\/span><\/span><\/span><\/span><span style=\"color: #000000;\"><span style=\"font-family: Calibri,serif;\"><span style=\"font-size: small;\">Pol<\/span><\/span><\/span><span style=\"font-family: Calibri,serif;\"><span style=\"font-size: small;\">\u00edtica Nacional de Gobernanza del Patrimonio Natural para la Sociedad del Buen Vivir, <\/span><\/span><span style=\"font-family: Calibri,serif;\"><span style=\"font-size: small;\">a trav\u00e9s de la ejecuci\u00f3n de proyectos de <\/span><\/span><span style=\"color: #000000;\"><span style=\"font-family: Calibri,serif;\"><span style=\"font-size: small;\">Investigac<\/span><\/span><\/span><span style=\"color: #000000;\"><span style=\"font-family: Calibri,serif;\"><span style=\"font-size: small;\">i\u00f3n y Monitoreo, Gesti\u00f3n de Paisajes Naturales, Incentivos para la Conservaci\u00f3n y Uso Sostenible <\/span><\/span><\/span><span style=\"color: #000000;\"><span style=\"font-family: Calibri,serif;\"><span style=\"font-size: small;\">de recursos naturales, Gesti<\/span><\/span><\/span><span style=\"color: #000000;\"><span style=\"font-family: Calibri,serif;\"><span style=\"font-size: small;\">\u00f3n Integral de Bosques y Vida Silvestre, Bioseguridad y Biotecnolog\u00eda, <\/span><\/span><\/span><span style=\"color: #000000;\"><span style=\"font-family: Calibri,serif;\"><span style=\"font-size: small;\">como un mecanismo de conservaci\u00f3n y protecci\u00f3n de los recursos naturales desde el sector local, con apoyo institucional.<\/span><\/span><\/span><\/span><\/span><\/p>\n<p style=\"margin-bottom: 0cm; font-style: normal; font-weight: normal; widows: 2; orphans: 2; text-decoration: none; text-align: justify;\" align=\"JUSTIFY\"><span style=\"color: #000000;\">\u201c<\/span><span style=\"font-family: Lucida Sans Unicode,serif;\"><span style=\"font-size: x-large;\"><span style=\"color: #000000;\"><span style=\"font-family: Calibri,serif;\"><span style=\"font-size: small;\">El Ministerio del Ambiente trabaja desde un enfoque de sostenibilidad social y ambiental, desde el \u00e1mbito local con el objetivo de vincular a los actores principales en este gran proyecto de uso responsable y sustentable de nuestros recursos naturales, como una forma de incentivar las buenas pr\u00e1cticas ambientales, sin comprometer el desarrollo social\u201d, enfatiz\u00f3 Lascano, en su presentaci\u00f3n.<\/span><\/span><\/span><\/span><\/span><\/p>\n<p style=\"margin-bottom: 0cm; font-style: normal; font-weight: normal; widows: 2; orphans: 2; text-decoration: none; text-align: justify;\" align=\"JUSTIFY\"><span style=\"font-family: Lucida Sans Unicode,serif;\"><span style=\"font-size: x-large;\"><span style=\"color: #000000;\"><span style=\"font-family: Calibri,serif;\"><span style=\"font-size: small;\">Como parte de su presentaci\u00f3n, el representante del MAE hizo \u00e9nfasis en el <\/span><\/span><\/span><span style=\"color: #000000;\"><span style=\"font-family: Calibri,serif;\"><span style=\"font-size: small;\">Programa <\/span><\/span><\/span><span style=\"font-family: Calibri,serif;\"><span style=\"font-size: small;\">Nacional de Incentivos Socio Bosque <\/span><\/span><span style=\"font-family: Calibri,serif;\"><span style=\"font-size: small;\">que se encarga de desarrollar proyectos de Manejo <\/span><\/span><span style=\"font-family: Calibri,serif;\"><span style=\"font-size: small;\">Forestal, Restauraci\u00f3n Forestal <\/span><\/span><span style=\"font-family: Calibri,serif;\"><span style=\"font-size: small;\">y C<\/span><\/span><span style=\"font-family: Calibri,serif;\"><span style=\"font-size: small;\">onservaci\u00f3n <\/span><\/span><span style=\"font-family: Calibri,serif;\"><span style=\"font-size: small;\">de Bosques, P\u00e1ramos y Manglar<\/span><\/span><span style=\"font-family: Calibri,serif;\"><span style=\"font-size: large;\">.<\/span><\/span><\/span><\/span><\/p>\n<p style=\"margin-bottom: 0cm; font-style: normal; font-weight: normal; widows: 2; orphans: 2; text-decoration: none; text-align: justify;\" align=\"JUSTIFY\"><span style=\"font-family: Lucida Sans Unicode,serif;\"><span style=\"font-size: x-large;\"><span style=\"color: #000000;\"><span style=\"font-family: Calibri,serif;\"><span style=\"font-size: medium;\"><span style=\"font-style: normal;\">Hasta la fecha, el<\/span><\/span><\/span><\/span><span style=\"color: #000000;\"><span style=\"font-family: Calibri,serif;\"><span style=\"font-size: medium;\"><span style=\"font-style: normal;\"> Programa de Incentivos Socio Bosque <\/span><\/span><\/span><\/span><span style=\"color: #000000;\"><span style=\"font-family: Calibri,serif;\"><span style=\"font-size: medium;\"><span style=\"font-style: normal;\">ha firmado un total de<\/span><\/span><\/span><\/span><span style=\"color: #000000;\"><span style=\"font-family: Calibri,serif;\"><span style=\"font-size: medium;\"><span style=\"font-style: normal;\"> 2 514 convenios a nivel nacional, <\/span><\/span><\/span><\/span><span style=\"color: #000000;\"><span style=\"font-family: Calibri,serif;\"><span style=\"font-size: medium;\"><span style=\"font-style: normal;\">en el marco del desarrollo de la Pol\u00edtica Nacional de Gobernanza del Patrimonio Natural<\/span><\/span><\/span><\/span><span style=\"color: #000000;\"><span style=\"font-family: Calibri,serif;\"><span style=\"font-size: medium;\"><span style=\"font-style: normal;\">que busca la optimizaci\u00f3n de los m\u00e1s de 24,3 millones, entregados por el Gobierno Nacional, como incentivos a la conservaci\u00f3n y actividades sostenibles que se focalizan principalmente en mejorar, de forma directa, la calidad de vida de los <\/span><\/span><\/span><\/span><span style=\"color: #000000;\"><span style=\"font-family: Calibri,serif;\"><span style=\"font-size: medium;\"><span style=\"font-style: normal;\">171 560 <\/span><\/span><\/span><\/span><span style=\"color: #000000;\"><span style=\"font-family: Calibri,serif;\"><span style=\"font-size: medium;\"><span style=\"font-style: normal;\">beneficiaros, adem\u00e1s de <\/span><\/span><\/span><\/span><span style=\"color: #000000;\"><span style=\"font-family: Calibri,serif;\"><span style=\"font-size: medium;\"><span style=\"font-style: normal;\">logra<\/span><\/span><\/span><\/span><span style=\"color: #000000;\"><span style=\"font-family: Calibri,serif;\"><span style=\"font-size: medium;\"><span style=\"font-style: normal;\">r<\/span><\/span><\/span><\/span><span style=\"color: #000000;\"><span style=\"font-family: Calibri,serif;\"><span style=\"font-size: medium;\"><span style=\"font-style: normal;\">proteger<\/span><\/span><\/span><\/span><span style=\"color: #000000;\"><span style=\"font-family: Calibri,serif;\"><span style=\"font-size: medium;\"><span style=\"font-style: normal;\"> 1 324 868,13 hect\u00e1reas de suelo.<\/span><\/span><\/span><\/span><\/span><\/span><\/p>\n<p style=\"margin-bottom: 0cm; font-style: normal; font-weight: normal; widows: 2; orphans: 2; text-decoration: none; text-align: justify;\" align=\"JUSTIFY\"><span style=\"color: #000000;\">\u201c<span style=\"font-family: Calibri,serif;\"><span style=\"font-size: medium;\">Los fondos entregados por el MAE, dentro del programa de incentivos buscan ser invertido en actividades de control y monitoreo, mejoramiento de la calidad de vida de la colectividad, adem\u00e1s de solventar necesidades individuales, con el fin de generar alternativas de desarrollo social, a trav\u00e9s de pol\u00edticas de Estado que involucren un desarrollo en el marco de la nueva Matriz Productiva\u201d, finaliz\u00f3 el Gerente del Programa Socio Bosque.<\/span><\/span><\/span><\/p>\n","protected":false},"excerpt":{"rendered":"<p class=\"excerpt\">El Programa de Incentivos Socio Bosque, hasta la actualidad ha firmado cerca de 2 514 convenios a nivel nacional en el marco de la Pol\u00edtica Nacional de Gobernanza del Patrimonio Natural para la Sociedad del Buen Vivir. Como parte de la agenda de la XVI Asamblea de la Red de Fondos Ambientales de Am\u00e9rica Latina y el Caribe, hoy se&hellip; <a href=\"https:\/\/www.ambienteyenergia.gob.ec\/ambiente\/23062\/\">Read more &rarr;<\/a><\/p>\n","protected":false},"author":13,"featured_media":23063,"comment_status":"open","ping_status":"open","sticky":false,"template":"","format":"standard","meta":{"footnotes":""},"categories":[16,4],"tags":[387,52],"class_list":["post-23062","post","type-post","status-publish","format-standard","has-post-thumbnail","hentry","category-comunicamos","category-noticias","tag-mae-lorena-tapia","tag-socio-bosque","xfolkentry"],"_links":{"self":[{"href":"https:\/\/www.ambienteyenergia.gob.ec\/ambiente\/wp-json\/wp\/v2\/posts\/23062","targetHints":{"allow":["GET"]}}],"collection":[{"href":"https:\/\/www.ambienteyenergia.gob.ec\/ambiente\/wp-json\/wp\/v2\/posts"}],"about":[{"href":"https:\/\/www.ambienteyenergia.gob.ec\/ambiente\/wp-json\/wp\/v2\/types\/post"}],"author":[{"embeddable":true,"href":"https:\/\/www.ambienteyenergia.gob.ec\/ambiente\/wp-json\/wp\/v2\/users\/13"}],"replies":[{"embeddable":true,"href":"https:\/\/www.ambienteyenergia.gob.ec\/ambiente\/wp-json\/wp\/v2\/comments?post=23062"}],"version-history":[{"count":0,"href":"https:\/\/www.ambienteyenergia.gob.ec\/ambiente\/wp-json\/wp\/v2\/posts\/23062\/revisions"}],"wp:featuredmedia":[{"embeddable":true,"href":"https:\/\/www.ambienteyenergia.gob.ec\/ambiente\/wp-json\/wp\/v2\/media\/23063"}],"wp:attachment":[{"href":"https:\/\/www.ambienteyenergia.gob.ec\/ambiente\/wp-json\/wp\/v2\/media?parent=23062"}],"wp:term":[{"taxonomy":"category","embeddable":true,"href":"https:\/\/www.ambienteyenergia.gob.ec\/ambiente\/wp-json\/wp\/v2\/categories?post=23062"},{"taxonomy":"post_tag","embeddable":true,"href":"https:\/\/www.ambienteyenergia.gob.ec\/ambiente\/wp-json\/wp\/v2\/tags?post=23062"}],"curies":[{"name":"wp","href":"https:\/\/api.w.org\/{rel}","templated":true}]}}