{"id":23059,"date":"2014-10-28T17:57:41","date_gmt":"2014-10-28T22:57:41","guid":{"rendered":"http:\/\/www.ambiente.gob.ec\/?p=23059"},"modified":"2014-10-28T17:57:41","modified_gmt":"2014-10-28T22:57:41","slug":"cuicocha-cuenta-con-una-nueva-directiva-del-comite-de-gestion-sectorial","status":"publish","type":"post","link":"https:\/\/www.ambienteyenergia.gob.ec\/ambiente\/cuicocha-cuenta-con-una-nueva-directiva-del-comite-de-gestion-sectorial\/","title":{"rendered":"Cuicocha cuenta con una nueva Directiva del Comit\u00e9 de Gesti\u00f3n Sectorial"},"content":{"rendered":"<p style=\"margin-bottom: 0.35cm;\" align=\"JUSTIFY\"><span style=\"font-family: Arial Narrow,serif;\"><span style=\"font-size: medium;\">El pasado 24 de Octubre, la Direcci\u00f3n Provincial del Ambiente de Imbabura, a trav\u00e9s de los t\u00e9cnicos de la Reserva Ecol\u00f3gica Cotacachi Cayapas, realiz\u00f3 el cambio de la Directiva del Comit\u00e9 de Gesti\u00f3n Sectorial Cuicocha 2014, que tiene como uno de sus pilares la alianza entre la autoridad competente con las poblaciones locales. <\/span><\/span><\/p>\n<p style=\"margin-bottom: 0.35cm;\" align=\"JUSTIFY\"><span style=\"font-family: Arial Narrow,serif;\"><span style=\"font-size: medium;\">Tomando en cuenta que las \u00c1reas Naturales Protegidas son espacios en los que intervienen numerosos actores, tanto p\u00fablicos, privados y comunitarios, en diferentes niveles, instancias y competencias, es evidente que la toma de decisiones acertadas requiere de la cooperaci\u00f3n entre los actores involucrados, lo que se puede lograr a trav\u00e9s de espacios p\u00fablicos deliberativos funcionales, que son los Comit\u00e9s de Gesti\u00f3n.<\/span><\/span><\/p>\n<p style=\"margin-bottom: 0.35cm;\" align=\"JUSTIFY\"><span style=\"font-family: Arial Narrow,serif;\"><span style=\"font-size: medium;\">Este evento cont\u00f3 con la participaci\u00f3n de 37 personas, entre ellos: el GAD Municipal Cotacachi, GAD Parroquiales Quiroga &#8211; Imantag, Cuerpo de Bomberos, Polic\u00eda Nacional, juntas de agua, cabildos y representantes de las comunidades.<\/span><\/span><\/p>\n<p style=\"margin-bottom: 0.35cm;\" align=\"JUSTIFY\"><span style=\"font-family: Arial Narrow,serif;\"><span style=\"font-size: medium;\">As\u00ed se eligi\u00f3 a la Sra. Bertha Orbe como coordinadora del comit\u00e9 y se conformaron 6 comisiones que estar\u00e1n encargados de apoyar a las \u00c1reas Naturales Protegidas en base a lo estipulado por la Ley Ambiental Vigente. <\/span><\/span><\/p>\n<p style=\"margin-bottom: 0.35cm;\" align=\"JUSTIFY\"><span style=\"font-family: Arial Narrow,serif;\"><span style=\"font-size: medium;\">Los colaboradores encargados del nuevo Comit\u00e9 de Gesti\u00f3n Sectorial Cuicocha, estar\u00e1n atentos a las inquietudes, comentarios y sugerencias ciudadanas.<\/span><\/span><\/p>\n","protected":false},"excerpt":{"rendered":"<p class=\"excerpt\">El pasado 24 de Octubre, la Direcci\u00f3n Provincial del Ambiente de Imbabura, a trav\u00e9s de los t\u00e9cnicos de la Reserva Ecol\u00f3gica Cotacachi Cayapas, realiz\u00f3 el cambio de la Directiva del Comit\u00e9 de Gesti\u00f3n Sectorial Cuicocha 2014, que tiene como uno de sus pilares la alianza entre la autoridad competente con las poblaciones locales. Tomando en cuenta que las \u00c1reas Naturales&hellip; <a href=\"https:\/\/www.ambienteyenergia.gob.ec\/ambiente\/cuicocha-cuenta-con-una-nueva-directiva-del-comite-de-gestion-sectorial\/\">Read more &rarr;<\/a><\/p>\n","protected":false},"author":13,"featured_media":23060,"comment_status":"open","ping_status":"open","sticky":false,"template":"","format":"standard","meta":{"footnotes":""},"categories":[16,4],"tags":[387],"class_list":["post-23059","post","type-post","status-publish","format-standard","has-post-thumbnail","hentry","category-comunicamos","category-noticias","tag-mae-lorena-tapia","xfolkentry"],"_links":{"self":[{"href":"https:\/\/www.ambienteyenergia.gob.ec\/ambiente\/wp-json\/wp\/v2\/posts\/23059","targetHints":{"allow":["GET"]}}],"collection":[{"href":"https:\/\/www.ambienteyenergia.gob.ec\/ambiente\/wp-json\/wp\/v2\/posts"}],"about":[{"href":"https:\/\/www.ambienteyenergia.gob.ec\/ambiente\/wp-json\/wp\/v2\/types\/post"}],"author":[{"embeddable":true,"href":"https:\/\/www.ambienteyenergia.gob.ec\/ambiente\/wp-json\/wp\/v2\/users\/13"}],"replies":[{"embeddable":true,"href":"https:\/\/www.ambienteyenergia.gob.ec\/ambiente\/wp-json\/wp\/v2\/comments?post=23059"}],"version-history":[{"count":0,"href":"https:\/\/www.ambienteyenergia.gob.ec\/ambiente\/wp-json\/wp\/v2\/posts\/23059\/revisions"}],"wp:featuredmedia":[{"embeddable":true,"href":"https:\/\/www.ambienteyenergia.gob.ec\/ambiente\/wp-json\/wp\/v2\/media\/23060"}],"wp:attachment":[{"href":"https:\/\/www.ambienteyenergia.gob.ec\/ambiente\/wp-json\/wp\/v2\/media?parent=23059"}],"wp:term":[{"taxonomy":"category","embeddable":true,"href":"https:\/\/www.ambienteyenergia.gob.ec\/ambiente\/wp-json\/wp\/v2\/categories?post=23059"},{"taxonomy":"post_tag","embeddable":true,"href":"https:\/\/www.ambienteyenergia.gob.ec\/ambiente\/wp-json\/wp\/v2\/tags?post=23059"}],"curies":[{"name":"wp","href":"https:\/\/api.w.org\/{rel}","templated":true}]}}