{"id":23055,"date":"2014-10-28T16:19:54","date_gmt":"2014-10-28T21:19:54","guid":{"rendered":"http:\/\/www.ambiente.gob.ec\/?p=23055"},"modified":"2014-10-28T16:19:54","modified_gmt":"2014-10-28T21:19:54","slug":"conservacion-de-areas-protegidas-un-hito-historico-en-materia-ambiental","status":"publish","type":"post","link":"https:\/\/www.ambienteyenergia.gob.ec\/ambiente\/conservacion-de-areas-protegidas-un-hito-historico-en-materia-ambiental\/","title":{"rendered":"Conservaci\u00f3n de \u00c1reas Protegidas, un hito hist\u00f3rico en materia ambiental"},"content":{"rendered":"<p style=\"text-align: justify;\">En el marco del desarrollo de la XVI Asamblea de la Red de Fondos Ambientales de Am\u00e9rica Latina y el Caribe, que se realiza en Guayaquil, el Ministerio del Ambiente de Ecuador (MAE) realiz\u00f3 dos presentaciones a cerca del trabajo que esta Cartera de Estado a nivel de conservaci\u00f3n, restauraci\u00f3n y protecci\u00f3n del patrimonio natural nacional, con el objetivo de resaltar la experiencia ecuatoriana en materia ambiental.<\/p>\n<p>Francisco Prieto, Subsecretario de Patrimonio Natural, en representaci\u00f3n de la Ministra del Ambiente de Ecuador, Lorena Tapia, realiz\u00f3 una presentaci\u00f3n sobre el Compromiso Pol\u00edtico y Financiero con la Conservaci\u00f3n de las \u00c1reas Protegidas en Ecuador, como parte del inicio de la segunda jornada de trabajo de esta asamblea internacional.<\/p>\n<p>Ecuador es considerado a nivel mundial como uno de los 17 m\u00e1s megadiversos del planeta, motivo por el cual, como un ejemplo de compromiso pol\u00edtico, el Gobierno de la Revoluci\u00f3n Ciudadana incluy\u00f3 en la Constituci\u00f3n un art\u00edculo que garantiza los Derechos de la Naturales, dejando as\u00ed un precedente mundial de conservaci\u00f3n y responsabilidad ambiental.<\/p>\n<p>\u201cDe esta diversidad natural dependen las 17 nacionalidades ind\u00edgenas del Ecuador, y los 32 pueblos ind\u00edgenas y afroecuatorianos. Los ind\u00edgenas, los afroecuatorianos y los mestizos son los herederos de conocimientos ancestrales de este territorio megadiverso y los guardianes de esta diversidad\u201d, aclar\u00f3 Prieto.<\/p>\n<p>Es por tal motivo que esta Secretar\u00eda de Estado ha desarrollado diferentes mecanismos para asegurar la protecci\u00f3n, conservaci\u00f3n y restauraci\u00f3n de las \u00e1reas protegidas, que albergan un sin n\u00famero de especies de flora y fauna silvestres. Como ejemplo de ello ha implementado el Sistema Nacional de \u00c1reas Protegidas (SNAP), con el objetivo de ejercer una rectar\u00eda responsable sobre estos ecosistemas, en base a la normativa ambiental vigente.<\/p>\n<p>El SNAP actualmente cuenta con un \u00e1rea de ejecuci\u00f3n de aproximadamente 5 millones de hect\u00e1reas, lo que representa cerca del 19% del territorio ecuatoriano, distribuido en 50 \u00e1reas protegidas a nivel nacional, distribuidos en Parques Nacionales, Reservas Ecol\u00f3gicas, Reservas Biol\u00f3gicas, Reserva Geobot\u00e1nica, Reserva Producci\u00f3n De Fauna, \u00c1reas Nacionales de Recreaci\u00f3n, Refugios De Vida Silvestre, Reservas Marinas, y \u00c1reas Protegidas Municipales.<\/p>\n<p>Todo este sistema se ha desarrollado con el objetivo de conservar la composici\u00f3n, estructura, funci\u00f3n y potencial evolutivo de la biodiversidad, a trav\u00e9s de la aplicaci\u00f3n de estrategias regionales de conservaci\u00f3n, para mantener la diversidad de paisajes o h\u00e1bitats, especies y ecosistemas asociados, por medio de una pol\u00edtica de gobernanza, en el marco del Cambio de la Matriz Productiva y Energ\u00e9tica del pa\u00eds, por una sociedad del Buen Vivir.<\/p>\n<p>En este sentido, Francisco Prieto aclar\u00f3 que cerca del 60% del potencial hidroel\u00e9ctrico nacional dependen directamente de la conservaci\u00f3n de las \u00e1reas protegidas. \u201cEl cambio estructural de nuestra sociedad nos ha obligado a garantizar la protecci\u00f3n y conservaci\u00f3n de nuestros espacios naturales, como eje fundamental de desarrollo social. La sostenibilidad ambiental y social es una realidad y nosotros, como pa\u00eds, somos ejemplo de aquello\u201d, finaliz\u00f3 su intervenci\u00f3n el Subsecretario.<\/p>\n","protected":false},"excerpt":{"rendered":"<p class=\"excerpt\">En el marco del desarrollo de la XVI Asamblea de la Red de Fondos Ambientales de Am\u00e9rica Latina y el Caribe, que se realiza en Guayaquil, el Ministerio del Ambiente de Ecuador (MAE) realiz\u00f3 dos presentaciones a cerca del trabajo que esta Cartera de Estado a nivel de conservaci\u00f3n, restauraci\u00f3n y protecci\u00f3n del patrimonio natural nacional, con el objetivo de&hellip; <a href=\"https:\/\/www.ambienteyenergia.gob.ec\/ambiente\/conservacion-de-areas-protegidas-un-hito-historico-en-materia-ambiental\/\">Read more &rarr;<\/a><\/p>\n","protected":false},"author":13,"featured_media":23057,"comment_status":"open","ping_status":"open","sticky":false,"template":"","format":"standard","meta":{"footnotes":""},"categories":[16,4],"tags":[],"class_list":["post-23055","post","type-post","status-publish","format-standard","has-post-thumbnail","hentry","category-comunicamos","category-noticias","xfolkentry"],"_links":{"self":[{"href":"https:\/\/www.ambienteyenergia.gob.ec\/ambiente\/wp-json\/wp\/v2\/posts\/23055","targetHints":{"allow":["GET"]}}],"collection":[{"href":"https:\/\/www.ambienteyenergia.gob.ec\/ambiente\/wp-json\/wp\/v2\/posts"}],"about":[{"href":"https:\/\/www.ambienteyenergia.gob.ec\/ambiente\/wp-json\/wp\/v2\/types\/post"}],"author":[{"embeddable":true,"href":"https:\/\/www.ambienteyenergia.gob.ec\/ambiente\/wp-json\/wp\/v2\/users\/13"}],"replies":[{"embeddable":true,"href":"https:\/\/www.ambienteyenergia.gob.ec\/ambiente\/wp-json\/wp\/v2\/comments?post=23055"}],"version-history":[{"count":0,"href":"https:\/\/www.ambienteyenergia.gob.ec\/ambiente\/wp-json\/wp\/v2\/posts\/23055\/revisions"}],"wp:featuredmedia":[{"embeddable":true,"href":"https:\/\/www.ambienteyenergia.gob.ec\/ambiente\/wp-json\/wp\/v2\/media\/23057"}],"wp:attachment":[{"href":"https:\/\/www.ambienteyenergia.gob.ec\/ambiente\/wp-json\/wp\/v2\/media?parent=23055"}],"wp:term":[{"taxonomy":"category","embeddable":true,"href":"https:\/\/www.ambienteyenergia.gob.ec\/ambiente\/wp-json\/wp\/v2\/categories?post=23055"},{"taxonomy":"post_tag","embeddable":true,"href":"https:\/\/www.ambienteyenergia.gob.ec\/ambiente\/wp-json\/wp\/v2\/tags?post=23055"}],"curies":[{"name":"wp","href":"https:\/\/api.w.org\/{rel}","templated":true}]}}