{"id":23050,"date":"2014-10-28T14:18:47","date_gmt":"2014-10-28T19:18:47","guid":{"rendered":"http:\/\/www.ambiente.gob.ec\/?p=23050"},"modified":"2014-10-28T14:18:47","modified_gmt":"2014-10-28T19:18:47","slug":"expertos-internacionales-en-iguanas-se-reunen-en-galapagos","status":"publish","type":"post","link":"https:\/\/www.ambienteyenergia.gob.ec\/ambiente\/expertos-internacionales-en-iguanas-se-reunen-en-galapagos\/","title":{"rendered":"Expertos internacionales en iguanas se re\u00fanen en Gal\u00e1pagos"},"content":{"rendered":"<p style=\"text-align: justify;\">El Grupo de Especialistas de Iguanas (ISG) de la Uni\u00f3n Internacional para la Conservaci\u00f3n de la Naturaleza (UICN), que se re\u00fanen anualmente en diferentes partes del mundo, est\u00e1n en las islas Gal\u00e1pagos desde el pasado s\u00e1bado y desde hoy inician un taller para analizar la situaci\u00f3n de esta especie a nivel mundial incluyendo, las iguanas del archipi\u00e9lago; algunos temas a tratar durante esta convenci\u00f3n ser\u00e1 la actualizaci\u00f3n del estado de riesgo de aquellas especues de iguanas que est\u00e1n dentro de la lista roja de este organismo internacional.<\/p>\n<p>Durante la inauguraci\u00f3n, el director del Parque Nacional Gal\u00e1pagos, Arturo Izurieta, resalt\u00f3 la importancia de los estudios cient\u00edficos sobre iguanas realizados durante los \u00faltimos a\u00f1os, inclusive el descubrimiento de una nueva especie (iguana rosada), lo que ha convocado a una gran cantidad de expertos a esta cita cient\u00edfica, en esta parte del planeta.<\/p>\n<p>El taller denominado \u201cIguanas de Gal\u00e1pagos\u201d busca compartir los trabajos realizados en los \u00faltimos 10 a\u00f1os, por cient\u00edficos y t\u00e9cnicos de las diferentes instituciones locales, nacionales y organismos extranjeros sobre las iguanas de Gal\u00e1pagos; \u00a0en aspectos como su ecolog\u00eda, biolog\u00eda, taxonom\u00eda, las amenazas a la especie, la gesti\u00f3n \u00a0y manejo, el comercio ilegal, las acciones de conservaci\u00f3n, educaci\u00f3n ambiental, etc.<\/p>\n<p>Durante el taller se realizar\u00e1n debates orientados a evaluar la situaci\u00f3n de riesgo de las iguanas de Gal\u00e1pagos, para identificar mecanismos y prioridades que permitan mejorar la conservaci\u00f3n de esta especie.<\/p>\n<p>El taller es coorganizado por el Ministerio del Ambiente, a trav\u00e9s de la Direcci\u00f3n del Parque Nacional Gal\u00e1pagos, el Grupo de Especialistas de Iguanas (ISG) de la UICN, la Universidad Tor Vergata de Roma, y la Fundaci\u00f3n Charles Darwin, en el cual est\u00e1n participando alrededor de 50 expertos en reptiles de diferentes nacionalidades asi como tambi\u00e9n locales.<\/p>\n<p>Las islas Gal\u00e1pagos tienen 4 especies de iguanas: la marina (Amblyrhynchus cristatus) \u00fanica en el mundo con capacidad para bucear hasta por 60 minutos y alimentarse de algas marinas; la iguana terrestre p\u00e1lida (Conolophus pallidus) restringida a la isla Santa Fe; la iguana terrestre amarilla (Conolophus subcristatus) distribuida en las islas Fernandina, Isabela, Santa Cruz, Seymour Norte, Plazas y Baltra; y la iguana rosada (Conolophus marthae), especie hace pocos a\u00f1os descubierta que habita \u00fanicamente la ladera noreste de la cumbre de volc\u00e1n Wolf, en Isabela.<\/p>\n","protected":false},"excerpt":{"rendered":"<p class=\"excerpt\">El Grupo de Especialistas de Iguanas (ISG) de la Uni\u00f3n Internacional para la Conservaci\u00f3n de la Naturaleza (UICN), que se re\u00fanen anualmente en diferentes partes del mundo, est\u00e1n en las islas Gal\u00e1pagos desde el pasado s\u00e1bado y desde hoy inician un taller para analizar la situaci\u00f3n de esta especie a nivel mundial incluyendo, las iguanas del archipi\u00e9lago; algunos temas a&hellip; <a href=\"https:\/\/www.ambienteyenergia.gob.ec\/ambiente\/expertos-internacionales-en-iguanas-se-reunen-en-galapagos\/\">Read more &rarr;<\/a><\/p>\n","protected":false},"author":13,"featured_media":22884,"comment_status":"open","ping_status":"open","sticky":false,"template":"","format":"standard","meta":{"footnotes":""},"categories":[16,4],"tags":[],"class_list":["post-23050","post","type-post","status-publish","format-standard","has-post-thumbnail","hentry","category-comunicamos","category-noticias","xfolkentry"],"_links":{"self":[{"href":"https:\/\/www.ambienteyenergia.gob.ec\/ambiente\/wp-json\/wp\/v2\/posts\/23050","targetHints":{"allow":["GET"]}}],"collection":[{"href":"https:\/\/www.ambienteyenergia.gob.ec\/ambiente\/wp-json\/wp\/v2\/posts"}],"about":[{"href":"https:\/\/www.ambienteyenergia.gob.ec\/ambiente\/wp-json\/wp\/v2\/types\/post"}],"author":[{"embeddable":true,"href":"https:\/\/www.ambienteyenergia.gob.ec\/ambiente\/wp-json\/wp\/v2\/users\/13"}],"replies":[{"embeddable":true,"href":"https:\/\/www.ambienteyenergia.gob.ec\/ambiente\/wp-json\/wp\/v2\/comments?post=23050"}],"version-history":[{"count":0,"href":"https:\/\/www.ambienteyenergia.gob.ec\/ambiente\/wp-json\/wp\/v2\/posts\/23050\/revisions"}],"wp:featuredmedia":[{"embeddable":true,"href":"https:\/\/www.ambienteyenergia.gob.ec\/ambiente\/wp-json\/wp\/v2\/media\/22884"}],"wp:attachment":[{"href":"https:\/\/www.ambienteyenergia.gob.ec\/ambiente\/wp-json\/wp\/v2\/media?parent=23050"}],"wp:term":[{"taxonomy":"category","embeddable":true,"href":"https:\/\/www.ambienteyenergia.gob.ec\/ambiente\/wp-json\/wp\/v2\/categories?post=23050"},{"taxonomy":"post_tag","embeddable":true,"href":"https:\/\/www.ambienteyenergia.gob.ec\/ambiente\/wp-json\/wp\/v2\/tags?post=23050"}],"curies":[{"name":"wp","href":"https:\/\/api.w.org\/{rel}","templated":true}]}}