{"id":23034,"date":"2014-10-28T12:18:50","date_gmt":"2014-10-28T17:18:50","guid":{"rendered":"http:\/\/www.ambiente.gob.ec\/?p=23034"},"modified":"2014-10-28T15:09:49","modified_gmt":"2014-10-28T20:09:49","slug":"proyecto-gencaper-realiza-talleres-de-generacion-de-capacidades-para-el-aprovechamiento-energetico-de-residuos-agropecuarios","status":"publish","type":"post","link":"https:\/\/www.ambienteyenergia.gob.ec\/ambiente\/proyecto-gencaper-realiza-talleres-de-generacion-de-capacidades-para-el-aprovechamiento-energetico-de-residuos-agropecuarios\/","title":{"rendered":"Proyecto GENCAPER realiza talleres de Generaci\u00f3n de Capacidades para el Aprovechamiento Energ\u00e9tico de Residuos Agropecuarios"},"content":{"rendered":"<p style=\"text-align: justify;\">El Ministerio del Ambiente de Ecuador (MAE), a trav\u00e9s de la Subsecretar\u00eda de Cambio Clim\u00e1tico, realiz\u00f3 talleres de Generaci\u00f3n de Capacidades para el Aprovechamiento Energ\u00e9tico de Residuos Agropecuarios, enfocados en la mitigaci\u00f3n del Cambio Clim\u00e1tico, con la participaci\u00f3n de miembros de asociaciones agropecuarias, productores independientes y futuros profesionales del sector, en el marco del desarrollo del Proyecto GENCAPER.<\/p>\n<p style=\"text-align: justify;\">Los talleres se impartieron en diferentes centros acad\u00e9micos de las principales zonas de producci\u00f3n ganadera del pa\u00eds como: Universidad Central del Ecuador (Pichincha), Escuela Polit\u00e9cnica del Ej\u00e9rcito (Santo Domingo) y Universidad Laica Eloy Alfaro (Manab\u00ed).<\/p>\n<p style=\"text-align: justify;\">Durante estas jornadas de educaci\u00f3n, los participantes conocieron sobre la problem\u00e1tica ambiental y clim\u00e1tica del sector agr\u00edcula y ganadero, generando as\u00ed capacidades para el manejo de residuos agropecuarios e implementaci\u00f3n de buenas pr\u00e1cticas en el manejo residuos resultantes de esta actividad.<\/p>\n<p style=\"text-align: justify;\">A trav\u00e9s de din\u00e1micas grupales se brind\u00f3 las herramientas necesarias para el aprovechamiento de tecnolog\u00edas de Aprovechamiento Energ\u00e9tico de Residuos Agropecuarios (AERA). Los talleristas determinaron los residuos existentes en sus sistemas productivos y lograron una definici\u00f3n de posibles m\u00e9todos de aprovechamiento energ\u00e9tico de los mismos.<\/p>\n<p style=\"text-align: justify;\">La mitigaci\u00f3n del cambio clim\u00e1tico, la conservaci\u00f3n ambiental y la asociatividad de productores independientes constituyeron enfoques transversales a lo largo de los talleres. El involucramiento del sector acad\u00e9mico en este tipo de actividades constituye uno de los ejes de sostenibilidad del proyecto GENCAPER.<\/p>\n<p style=\"text-align: justify;\"><strong>El dato<\/strong><br \/>\nEl fomento de medidas de Mitigaci\u00f3n del Cambio Clim\u00e1tico en el Sector Agropecuario es de gran importancia, por ser uno de los mayores generadores de Emisiones de Gases de Efecto Invernadero en nuestro pa\u00eds. A diferencia de recursos f\u00f3siles, los combustibles a base de biomasa cuando son quemados liberan \u00fanicamente la cantidad de CO2 que absorben de la atm\u00f3sfera durante el crecimiento, esto los hace en gran parte carbono neutro. Al aprovechar energ\u00e9ticamente los residuos agropecuarios, no se requiere de cultivos adicionales para la bioenerg\u00eda.<\/p>\n<p style=\"text-align: justify;\">Adicionalmente, muchos procesos de aprovechamiento energ\u00e9tico de residuos agropecuarios como la digesti\u00f3n anaerobia producen fertilizantes org\u00e1nicos como el biol. De esta manera se reduce el uso de fertilizantes sint\u00e9ticos, una importante fuente de Gases de Efecto Invernadero. Esto, sumado a los beneficios m\u00faltiples como la posibilidad de producir energ\u00eda en comunidades alejadas, mejora de la calidad de vida, nuevas fuentes de trabajo, la protecci\u00f3n de recursos h\u00eddricos, deforestaci\u00f3n evitada, entre otros, hacen del aprovechamiento energ\u00e9tico de residuos agr\u00edcolas un importante campo de acci\u00f3n, para mitigar el cambio clim\u00e1tico.<\/p>\n","protected":false},"excerpt":{"rendered":"<p class=\"excerpt\">El Ministerio del Ambiente de Ecuador (MAE), a trav\u00e9s de la Subsecretar\u00eda de Cambio Clim\u00e1tico, realiz\u00f3 talleres de Generaci\u00f3n de Capacidades para el Aprovechamiento Energ\u00e9tico de Residuos Agropecuarios, enfocados en la mitigaci\u00f3n del Cambio Clim\u00e1tico, con la participaci\u00f3n de miembros de asociaciones agropecuarias, productores independientes y futuros profesionales del sector, en el marco del desarrollo del Proyecto GENCAPER. Los talleres&hellip; <a href=\"https:\/\/www.ambienteyenergia.gob.ec\/ambiente\/proyecto-gencaper-realiza-talleres-de-generacion-de-capacidades-para-el-aprovechamiento-energetico-de-residuos-agropecuarios\/\">Read more &rarr;<\/a><\/p>\n","protected":false},"author":13,"featured_media":23052,"comment_status":"open","ping_status":"open","sticky":false,"template":"","format":"standard","meta":{"footnotes":""},"categories":[16,4],"tags":[],"class_list":["post-23034","post","type-post","status-publish","format-standard","has-post-thumbnail","hentry","category-comunicamos","category-noticias","xfolkentry"],"_links":{"self":[{"href":"https:\/\/www.ambienteyenergia.gob.ec\/ambiente\/wp-json\/wp\/v2\/posts\/23034","targetHints":{"allow":["GET"]}}],"collection":[{"href":"https:\/\/www.ambienteyenergia.gob.ec\/ambiente\/wp-json\/wp\/v2\/posts"}],"about":[{"href":"https:\/\/www.ambienteyenergia.gob.ec\/ambiente\/wp-json\/wp\/v2\/types\/post"}],"author":[{"embeddable":true,"href":"https:\/\/www.ambienteyenergia.gob.ec\/ambiente\/wp-json\/wp\/v2\/users\/13"}],"replies":[{"embeddable":true,"href":"https:\/\/www.ambienteyenergia.gob.ec\/ambiente\/wp-json\/wp\/v2\/comments?post=23034"}],"version-history":[{"count":0,"href":"https:\/\/www.ambienteyenergia.gob.ec\/ambiente\/wp-json\/wp\/v2\/posts\/23034\/revisions"}],"wp:featuredmedia":[{"embeddable":true,"href":"https:\/\/www.ambienteyenergia.gob.ec\/ambiente\/wp-json\/wp\/v2\/media\/23052"}],"wp:attachment":[{"href":"https:\/\/www.ambienteyenergia.gob.ec\/ambiente\/wp-json\/wp\/v2\/media?parent=23034"}],"wp:term":[{"taxonomy":"category","embeddable":true,"href":"https:\/\/www.ambienteyenergia.gob.ec\/ambiente\/wp-json\/wp\/v2\/categories?post=23034"},{"taxonomy":"post_tag","embeddable":true,"href":"https:\/\/www.ambienteyenergia.gob.ec\/ambiente\/wp-json\/wp\/v2\/tags?post=23034"}],"curies":[{"name":"wp","href":"https:\/\/api.w.org\/{rel}","templated":true}]}}