{"id":23026,"date":"2014-10-28T10:32:51","date_gmt":"2014-10-28T15:32:51","guid":{"rendered":"http:\/\/www.ambiente.gob.ec\/?p=23026"},"modified":"2014-10-28T10:35:39","modified_gmt":"2014-10-28T15:35:39","slug":"ministra-del-ambiente-lorena-tapia-inauguro-xvi-asamblea-de-la-red-de-fondos-ambientales-de-america-latina-y-el-caribe-en-guayaquil","status":"publish","type":"post","link":"https:\/\/www.ambienteyenergia.gob.ec\/ambiente\/ministra-del-ambiente-lorena-tapia-inauguro-xvi-asamblea-de-la-red-de-fondos-ambientales-de-america-latina-y-el-caribe-en-guayaquil\/","title":{"rendered":"Ministra del Ambiente, Lorena Tapia inaugur\u00f3 XVI Asamblea de la Red de Fondos Ambientales de Am\u00e9rica Latina y el Caribe en Guayaquil"},"content":{"rendered":"<p align=\"JUSTIFY\">Ayer,\u00a0 la Ministra del Ambiente, Lorena Tapia, inaugur\u00f3 oficialmente la XVI\u00a0 Asamblea de la Red de Fondos Nacionales de Am\u00e9rica Latina y el Caribe.\u00a0 El evento se realiz\u00f3 en el Hotel Hilton Colon de Guayaquil con la participaci\u00f3n de delegados de m\u00e1s de 30 pa\u00edses miembros.<\/p>\n<p align=\"JUSTIFY\">En su discurso, la Ministra invit\u00f3 a todos a trabajar por fortalecer la cooperaci\u00f3n financiera para proyectos ambientales. En el Ecuador estos fondos provienen de parte del\u00a0 Fondo Ambiental Nacional (FAN), el mismo que financia\u00a0 30 de las 50 \u00e1reas protegidas del Ecuador. \u00a0\u201cHoy es hora de pensar en acciones concretas, en generar conocimiento alrededor de lo que \u00a0podemos hacer en programas y proyectos de \u00edndole ambiental en patrimonio natural, en cambio clim\u00e1tico, en todas las \u00e1reas que implican trabajar por nuestro entorno. Espero que estos d\u00edas de reflexi\u00f3n y an\u00e1lisis permiten afianzar las relaciones entre las naciones que son parte de la red \u00a0y reflexionemos qu\u00e9 podemos hacer en favor del ambiente y los mecanismos de financiamiento de esos proyectos\u201d, recalc\u00f3 la M\u00e1xima Autoridad Ambiental del\u00a0 pa\u00eds.<\/p>\n<p align=\"JUSTIFY\">Ecuador cuenta con diferentes proyectos emblem\u00e1ticos que han generado grandes resultados a nivel social y ambiental, gracias al mecanismo de finanzas para la conservaci\u00f3n del patrimonio natural nacional, un verdadero instrumento para el manejo eficiente de recursos a mediano y largo plazo.<\/p>\n<p align=\"JUSTIFY\">La Ministra Tapia agreg\u00f3 que cerca del 20% del territorio nacional ecuatoriano es parte del sistema de \u00e1reas protegidas, adem\u00e1s, recalc\u00f3 que Ecuador es el tercer pa\u00eds de la regi\u00f3n que m\u00e1s recursos invierte en la conservaci\u00f3n de \u00e1reas protegidas, por tanto, el fortalecimiento de esta gesti\u00f3n es fundamental. Por su parte, Paul Palacios, Presidente del Directorio del FAN, destac\u00f3 la importancia del evento y del trabajo que realiza el Ministerio del Ambiente, como l\u00edder en materia ambiental en el Ecuador.<\/p>\n<p align=\"JUSTIFY\">Para Finalizar, Tapia, invit\u00f3 a las delegaciones a trabajar en conjunto para tener mejores y m\u00e1s resultados a favor del ambiente, no solo a nivel local, sino tambi\u00e9n a nivel mundial, con proyectos innovadores\u00a0 sin escatimar esfuerzos. \u201cSolamente unidos lograremos cambios sustanciales en favor del ambiente, por tanto, estos d\u00edas de reflexi\u00f3n ser\u00e1n de utilidad para ello\u201d.<\/p>\n<p align=\"JUSTIFY\">El objetivo de esta Asamblea es promover proyectos para la conservaci\u00f3n del ambiente, junto con entidades privadas y autoridades ambientales.<\/p>\n<p align=\"JUSTIFY\">Entre los temas que se tratar\u00e1n durante este d\u00eda de exposiciones son: Restados de conservaci\u00f3n en ecosistemas marinos y costeros, inversi\u00f3n de impacto, inversiones productivas orientadas a la conservaci\u00f3n y mecanismos innovadores de financiamiento para la conservaci\u00f3n, as\u00ed como el compromiso pol\u00edtico y financiero con la conservaci\u00f3n de las \u00e1reas protegidas en Ecuador.<\/p>\n<p align=\"JUSTIFY\">Est\u00e1 previsto que las delegaciones de los 30 pa\u00edses realicen una visita t\u00e9cnica en el Parque Nacional Gal\u00e1pagos.<\/p>\n","protected":false},"excerpt":{"rendered":"<p class=\"excerpt\">Ayer,\u00a0 la Ministra del Ambiente, Lorena Tapia, inaugur\u00f3 oficialmente la XVI\u00a0 Asamblea de la Red de Fondos Nacionales de Am\u00e9rica Latina y el Caribe.\u00a0 El evento se realiz\u00f3 en el Hotel Hilton Colon de Guayaquil con la participaci\u00f3n de delegados de m\u00e1s de 30 pa\u00edses miembros. En su discurso, la Ministra invit\u00f3 a todos a trabajar por fortalecer la cooperaci\u00f3n&hellip; <a href=\"https:\/\/www.ambienteyenergia.gob.ec\/ambiente\/ministra-del-ambiente-lorena-tapia-inauguro-xvi-asamblea-de-la-red-de-fondos-ambientales-de-america-latina-y-el-caribe-en-guayaquil\/\">Read more &rarr;<\/a><\/p>\n","protected":false},"author":13,"featured_media":23027,"comment_status":"open","ping_status":"open","sticky":false,"template":"","format":"standard","meta":{"footnotes":""},"categories":[16,4],"tags":[147,48,108,53,563],"class_list":["post-23026","post","type-post","status-publish","format-standard","has-post-thumbnail","hentry","category-comunicamos","category-noticias","tag-areas-protegidas-2","tag-ecuador","tag-lorena-tapia","tag-mae","tag-redlac","xfolkentry"],"_links":{"self":[{"href":"https:\/\/www.ambienteyenergia.gob.ec\/ambiente\/wp-json\/wp\/v2\/posts\/23026","targetHints":{"allow":["GET"]}}],"collection":[{"href":"https:\/\/www.ambienteyenergia.gob.ec\/ambiente\/wp-json\/wp\/v2\/posts"}],"about":[{"href":"https:\/\/www.ambienteyenergia.gob.ec\/ambiente\/wp-json\/wp\/v2\/types\/post"}],"author":[{"embeddable":true,"href":"https:\/\/www.ambienteyenergia.gob.ec\/ambiente\/wp-json\/wp\/v2\/users\/13"}],"replies":[{"embeddable":true,"href":"https:\/\/www.ambienteyenergia.gob.ec\/ambiente\/wp-json\/wp\/v2\/comments?post=23026"}],"version-history":[{"count":0,"href":"https:\/\/www.ambienteyenergia.gob.ec\/ambiente\/wp-json\/wp\/v2\/posts\/23026\/revisions"}],"wp:featuredmedia":[{"embeddable":true,"href":"https:\/\/www.ambienteyenergia.gob.ec\/ambiente\/wp-json\/wp\/v2\/media\/23027"}],"wp:attachment":[{"href":"https:\/\/www.ambienteyenergia.gob.ec\/ambiente\/wp-json\/wp\/v2\/media?parent=23026"}],"wp:term":[{"taxonomy":"category","embeddable":true,"href":"https:\/\/www.ambienteyenergia.gob.ec\/ambiente\/wp-json\/wp\/v2\/categories?post=23026"},{"taxonomy":"post_tag","embeddable":true,"href":"https:\/\/www.ambienteyenergia.gob.ec\/ambiente\/wp-json\/wp\/v2\/tags?post=23026"}],"curies":[{"name":"wp","href":"https:\/\/api.w.org\/{rel}","templated":true}]}}