{"id":23022,"date":"2014-10-27T16:07:57","date_gmt":"2014-10-27T21:07:57","guid":{"rendered":"http:\/\/www.ambiente.gob.ec\/?p=23022"},"modified":"2014-10-28T13:34:31","modified_gmt":"2014-10-28T18:34:31","slug":"mae-entrega-a-municipio-de-tena-estudios-para-gestion-integral-de-los-residuos","status":"publish","type":"post","link":"https:\/\/www.ambienteyenergia.gob.ec\/ambiente\/mae-entrega-a-municipio-de-tena-estudios-para-gestion-integral-de-los-residuos\/","title":{"rendered":"MAE \u2013 PNGIDS entrega a GAD de Tena estudios para gesti\u00f3n integral de los residuos"},"content":{"rendered":"<p style=\"text-align: justify;\">Este lunes 27 de octubre el Ministerio del Ambiente (MAE), a trav\u00e9s del Programa para la Gesti\u00f3n Integral de Residuos S\u00f3lidos (PNGIDS), entreg\u00f3 los Estudios de Dise\u00f1o Definitivo de Cierre T\u00e9cnico de Botadero, Celda Temporal Emergente y Gesti\u00f3n Integral de residuos s\u00f3lidos del cant\u00f3n Tena, provincia de Napo, a su alcalde, Kl\u00e9ver Ron, en el Sal\u00f3n de Sesiones de la Municipalidad.<\/p>\n<p style=\"text-align: justify;\">El PNGIDS trabaja de manera conjunta con los 221 Gobiernos Aut\u00f3nomos Descentralizados (GAD) Municipales del pa\u00eds para la implementaci\u00f3n y fortalecimiento de la gesti\u00f3n integral de los residuos s\u00f3lidos, con el fin de minimizar el impacto ambiental causado por el inadecuado manejo de los residuos.<\/p>\n<p style=\"text-align: justify;\">En los estudios se plantea el cierre t\u00e9cnico del botadero a cielo abierto, la implementaci\u00f3n de una celda emergente y el desarrollo de un nuevo relleno sanitario para disponer bajo par\u00e1metros t\u00e9cnicos los residuos s\u00f3lidos generados en este cant\u00f3n amaz\u00f3nico.<\/p>\n<p style=\"text-align: justify;\">As\u00ed, se contribuir\u00e1 a la correcta gesti\u00f3n de los desechos, entre otros, con la eficiente disposici\u00f3n de las 45,37 toneladas de desechos generados al d\u00eda por los m\u00e1s de 69 mil habitantes de Tena.<\/p>\n<p style=\"text-align: justify;\">El alcalde de Tena, Kl\u00e9ver Ron, destac\u00f3 que los estudios permitir\u00e1n solucionar los actuales inconvenientes que produce el botadero, y por tanto \u00abser\u00e1n aprovechados\u00bb en beneficio de la comunidad, concluy\u00f3.<\/p>\n","protected":false},"excerpt":{"rendered":"<p class=\"excerpt\">Este lunes 27 de octubre el Ministerio del Ambiente (MAE), a trav\u00e9s del Programa para la Gesti\u00f3n Integral de Residuos S\u00f3lidos (PNGIDS), entreg\u00f3 los Estudios de Dise\u00f1o Definitivo de Cierre T\u00e9cnico de Botadero, Celda Temporal Emergente y Gesti\u00f3n Integral de residuos s\u00f3lidos del cant\u00f3n Tena, provincia de Napo, a su alcalde, Kl\u00e9ver Ron, en el Sal\u00f3n de Sesiones de la&hellip; <a href=\"https:\/\/www.ambienteyenergia.gob.ec\/ambiente\/mae-entrega-a-municipio-de-tena-estudios-para-gestion-integral-de-los-residuos\/\">Read more &rarr;<\/a><\/p>\n","protected":false},"author":13,"featured_media":23023,"comment_status":"open","ping_status":"open","sticky":false,"template":"","format":"standard","meta":{"footnotes":""},"categories":[16,4],"tags":[91,387],"class_list":["post-23022","post","type-post","status-publish","format-standard","has-post-thumbnail","hentry","category-comunicamos","category-noticias","tag-desechos","tag-mae-lorena-tapia","xfolkentry"],"_links":{"self":[{"href":"https:\/\/www.ambienteyenergia.gob.ec\/ambiente\/wp-json\/wp\/v2\/posts\/23022","targetHints":{"allow":["GET"]}}],"collection":[{"href":"https:\/\/www.ambienteyenergia.gob.ec\/ambiente\/wp-json\/wp\/v2\/posts"}],"about":[{"href":"https:\/\/www.ambienteyenergia.gob.ec\/ambiente\/wp-json\/wp\/v2\/types\/post"}],"author":[{"embeddable":true,"href":"https:\/\/www.ambienteyenergia.gob.ec\/ambiente\/wp-json\/wp\/v2\/users\/13"}],"replies":[{"embeddable":true,"href":"https:\/\/www.ambienteyenergia.gob.ec\/ambiente\/wp-json\/wp\/v2\/comments?post=23022"}],"version-history":[{"count":0,"href":"https:\/\/www.ambienteyenergia.gob.ec\/ambiente\/wp-json\/wp\/v2\/posts\/23022\/revisions"}],"wp:featuredmedia":[{"embeddable":true,"href":"https:\/\/www.ambienteyenergia.gob.ec\/ambiente\/wp-json\/wp\/v2\/media\/23023"}],"wp:attachment":[{"href":"https:\/\/www.ambienteyenergia.gob.ec\/ambiente\/wp-json\/wp\/v2\/media?parent=23022"}],"wp:term":[{"taxonomy":"category","embeddable":true,"href":"https:\/\/www.ambienteyenergia.gob.ec\/ambiente\/wp-json\/wp\/v2\/categories?post=23022"},{"taxonomy":"post_tag","embeddable":true,"href":"https:\/\/www.ambienteyenergia.gob.ec\/ambiente\/wp-json\/wp\/v2\/tags?post=23022"}],"curies":[{"name":"wp","href":"https:\/\/api.w.org\/{rel}","templated":true}]}}