{"id":23019,"date":"2014-10-27T15:11:11","date_gmt":"2014-10-27T20:11:11","guid":{"rendered":"http:\/\/www.ambiente.gob.ec\/?p=23019"},"modified":"2014-10-27T15:11:11","modified_gmt":"2014-10-27T20:11:11","slug":"15-camaras-trampa-monitorean-la-actividad-de-vida-silvestre-en-cuyabeno","status":"publish","type":"post","link":"https:\/\/www.ambienteyenergia.gob.ec\/ambiente\/15-camaras-trampa-monitorean-la-actividad-de-vida-silvestre-en-cuyabeno\/","title":{"rendered":"15 C\u00e1maras trampa monitorean la actividad de vida silvestre en Cuyabeno"},"content":{"rendered":"<p style=\"text-align: justify;\">Personal de Guardaparques de la Reserva de Producci\u00f3n de Fauna Cuyabeno (RPFC) fueron capacitados por la organizaci\u00f3n de conservaci\u00f3n global World Wildilife Fund Inc \u2013 Ecuador, en temas de manejo de c\u00e1maras trampa y monitoreo de fauna silvestre.<\/p>\n<p style=\"text-align: justify;\">Esta capacitaci\u00f3n tiene como objetivo conocer y tener un registro de las especies existentes en la Reserva de Cuyabeno y con este estudio piloto poder desarrollar proyectos a futuro en beneficio de la conservaci\u00f3n de la vida silvestre.<\/p>\n<p style=\"text-align: justify;\">Para llevar adelante este proyecto, la organizaci\u00f3n Wildilife Fund Inc \u2013 Ecuador, adem\u00e1s de la capacitaci\u00f3n, realiz\u00f3 la donaci\u00f3n de 15 c\u00e1maras trampa; mediante este dispositivo autom\u00e1tico se podr\u00e1 capturar im\u00e1genes fotogr\u00e1ficas de animales en estado salvaje, sin alterar su entorno. Las c\u00e1maras fueron instaladas en sitios estrat\u00e9gicos dentro del \u00e1rea protegida, esperando obtener los mejores resultados.<\/p>\n<p style=\"text-align: justify;\">\n","protected":false},"excerpt":{"rendered":"<p class=\"excerpt\">Personal de Guardaparques de la Reserva de Producci\u00f3n de Fauna Cuyabeno (RPFC) fueron capacitados por la organizaci\u00f3n de conservaci\u00f3n global World Wildilife Fund Inc \u2013 Ecuador, en temas de manejo de c\u00e1maras trampa y monitoreo de fauna silvestre. Esta capacitaci\u00f3n tiene como objetivo conocer y tener un registro de las especies existentes en la Reserva de Cuyabeno y con este&hellip; <a href=\"https:\/\/www.ambienteyenergia.gob.ec\/ambiente\/15-camaras-trampa-monitorean-la-actividad-de-vida-silvestre-en-cuyabeno\/\">Read more &rarr;<\/a><\/p>\n","protected":false},"author":13,"featured_media":23020,"comment_status":"open","ping_status":"open","sticky":false,"template":"","format":"standard","meta":{"footnotes":""},"categories":[16,4],"tags":[],"class_list":["post-23019","post","type-post","status-publish","format-standard","has-post-thumbnail","hentry","category-comunicamos","category-noticias","xfolkentry"],"_links":{"self":[{"href":"https:\/\/www.ambienteyenergia.gob.ec\/ambiente\/wp-json\/wp\/v2\/posts\/23019","targetHints":{"allow":["GET"]}}],"collection":[{"href":"https:\/\/www.ambienteyenergia.gob.ec\/ambiente\/wp-json\/wp\/v2\/posts"}],"about":[{"href":"https:\/\/www.ambienteyenergia.gob.ec\/ambiente\/wp-json\/wp\/v2\/types\/post"}],"author":[{"embeddable":true,"href":"https:\/\/www.ambienteyenergia.gob.ec\/ambiente\/wp-json\/wp\/v2\/users\/13"}],"replies":[{"embeddable":true,"href":"https:\/\/www.ambienteyenergia.gob.ec\/ambiente\/wp-json\/wp\/v2\/comments?post=23019"}],"version-history":[{"count":0,"href":"https:\/\/www.ambienteyenergia.gob.ec\/ambiente\/wp-json\/wp\/v2\/posts\/23019\/revisions"}],"wp:featuredmedia":[{"embeddable":true,"href":"https:\/\/www.ambienteyenergia.gob.ec\/ambiente\/wp-json\/wp\/v2\/media\/23020"}],"wp:attachment":[{"href":"https:\/\/www.ambienteyenergia.gob.ec\/ambiente\/wp-json\/wp\/v2\/media?parent=23019"}],"wp:term":[{"taxonomy":"category","embeddable":true,"href":"https:\/\/www.ambienteyenergia.gob.ec\/ambiente\/wp-json\/wp\/v2\/categories?post=23019"},{"taxonomy":"post_tag","embeddable":true,"href":"https:\/\/www.ambienteyenergia.gob.ec\/ambiente\/wp-json\/wp\/v2\/tags?post=23019"}],"curies":[{"name":"wp","href":"https:\/\/api.w.org\/{rel}","templated":true}]}}