{"id":23016,"date":"2014-10-27T15:06:16","date_gmt":"2014-10-27T20:06:16","guid":{"rendered":"http:\/\/www.ambiente.gob.ec\/?p=23016"},"modified":"2014-10-27T15:06:16","modified_gmt":"2014-10-27T20:06:16","slug":"ministerio-del-ambiente-realizo-taller-sobre-experiencias-del-mecanismo-para-un-desarrollo-limpio-mdl","status":"publish","type":"post","link":"https:\/\/www.ambienteyenergia.gob.ec\/ambiente\/ministerio-del-ambiente-realizo-taller-sobre-experiencias-del-mecanismo-para-un-desarrollo-limpio-mdl\/","title":{"rendered":"Ministerio del Ambiente realiz\u00f3 taller sobre experiencias del Mecanismo para un Desarrollo Limpio (MDL)"},"content":{"rendered":"<p style=\"text-align: justify;\">El Ministerio del Ambiente de Ecuador (MAE), con el apoyo del Centro Regional de Colaboraci\u00f3n (CRC) para el Mecanismo para un Desarrollo Limpio de la Convenci\u00f3n Marco de las Naciones Unidas para el Cambio Clim\u00e1tico (CMNUCC) y el Proyecto Tercera Comunicaci\u00f3n Nacional para el Cambio Clim\u00e1tico y Primer Informe Bienal de Actualizaci\u00f3n (TCN\/BUR) abrieron un espacio de di\u00e1logo para presentar el contexto internacional del MDL y analizar las sinergias con las Medidas de Mitigaci\u00f3n Nacionalmente Apropiadas (NAMA, por su siglas en ingl\u00e9s).<\/p>\n<p>Andr\u00e9s Hubenthal, Subsecretario de Cambio Clim\u00e1tico, realiz\u00f3 la apertura del taller \u201cExperiencias del MDL como oportunidad para la formulaci\u00f3n de acciones de mitigaci\u00f3n\u201d e instig\u00f3 a los asistentes a realizar un an\u00e1lisis conjunto del Mecanismo para un Desarrollo Limpio (MDL) en el Ecuador y proponer oportunidades para la construcci\u00f3n de nuevas acciones de mitigaci\u00f3n. \u201cTenemos que comenzar a pensar en estrategias para aprovechar todo este esfuerzo que hemos invertido en este instrumento\u201d, afirm\u00f3.<\/p>\n<p>Karen Ortega, representante del Centro Regional de Colaboraci\u00f3n (CRC) de la Convenci\u00f3n Marco de las Naciones Unidas sobre el Cambio Clim\u00e1tico (CMNUCC), expuso las experiencias del MDL para NAMA y el estado actual de las negociaciones de MDL a nivel internacional.<\/p>\n<p>Adicionalmente, Daniel Ortega, miembro de la Junta Ejecutiva (JE) MDL en representaci\u00f3n de Am\u00e9rica Latina y el Caribe, explic\u00f3 las actividades que se impulsan desde la JE. Alexandra Buri, coordinadora de la Autoridad Nacional para el MDL, present\u00f3 los avances y resultados de la gesti\u00f3n de la Autoridad Nacional MDL y el estado de los proyectos MDL en el pa\u00eds.<\/p>\n<p>Finalmente, se promovi\u00f3 el intercambio de experiencias entre proponentes de proyectos a nivel nacional a fin de recoger insumos que permitan determinar acciones que orienten la gesti\u00f3n desde esta Cartera de Estado.<\/p>\n<p>El taller cont\u00f3 con la participaci\u00f3n de 60 funcionarios de instituciones del sector p\u00fablico, representantes del sector privado y de organismos no gubernamentales.<\/p>\n<p><strong>El dato<\/strong><br \/>\nEl Mecanismo de Desarrollo Limpio (MDL), ha sido hasta el momento el mecanismo utilizado por el Ecuador para incursionar en la lucha contra el cambio clim\u00e1tico, en virtud de lo cual se han generado experiencias y se han creado capacidades, mismas que deben ser consideradas como oportunidad para la formulaci\u00f3n de nuevas acciones de mitigaci\u00f3n que se ajusten al contexto actual de las negociaciones de cambio clim\u00e1tico.<\/p>\n<p style=\"text-align: justify;\">\nEl pa\u00eds ha registrado 31 proyectos MDL, principalmente hidroel\u00e9ctricos tanto p\u00fablicos como privados.<\/p>\n","protected":false},"excerpt":{"rendered":"<p class=\"excerpt\">El Ministerio del Ambiente de Ecuador (MAE), con el apoyo del Centro Regional de Colaboraci\u00f3n (CRC) para el Mecanismo para un Desarrollo Limpio de la Convenci\u00f3n Marco de las Naciones Unidas para el Cambio Clim\u00e1tico (CMNUCC) y el Proyecto Tercera Comunicaci\u00f3n Nacional para el Cambio Clim\u00e1tico y Primer Informe Bienal de Actualizaci\u00f3n (TCN\/BUR) abrieron un espacio de di\u00e1logo para presentar&hellip; <a href=\"https:\/\/www.ambienteyenergia.gob.ec\/ambiente\/ministerio-del-ambiente-realizo-taller-sobre-experiencias-del-mecanismo-para-un-desarrollo-limpio-mdl\/\">Read more &rarr;<\/a><\/p>\n","protected":false},"author":13,"featured_media":23017,"comment_status":"open","ping_status":"open","sticky":false,"template":"","format":"standard","meta":{"footnotes":""},"categories":[16,4],"tags":[],"class_list":["post-23016","post","type-post","status-publish","format-standard","has-post-thumbnail","hentry","category-comunicamos","category-noticias","xfolkentry"],"_links":{"self":[{"href":"https:\/\/www.ambienteyenergia.gob.ec\/ambiente\/wp-json\/wp\/v2\/posts\/23016","targetHints":{"allow":["GET"]}}],"collection":[{"href":"https:\/\/www.ambienteyenergia.gob.ec\/ambiente\/wp-json\/wp\/v2\/posts"}],"about":[{"href":"https:\/\/www.ambienteyenergia.gob.ec\/ambiente\/wp-json\/wp\/v2\/types\/post"}],"author":[{"embeddable":true,"href":"https:\/\/www.ambienteyenergia.gob.ec\/ambiente\/wp-json\/wp\/v2\/users\/13"}],"replies":[{"embeddable":true,"href":"https:\/\/www.ambienteyenergia.gob.ec\/ambiente\/wp-json\/wp\/v2\/comments?post=23016"}],"version-history":[{"count":0,"href":"https:\/\/www.ambienteyenergia.gob.ec\/ambiente\/wp-json\/wp\/v2\/posts\/23016\/revisions"}],"wp:featuredmedia":[{"embeddable":true,"href":"https:\/\/www.ambienteyenergia.gob.ec\/ambiente\/wp-json\/wp\/v2\/media\/23017"}],"wp:attachment":[{"href":"https:\/\/www.ambienteyenergia.gob.ec\/ambiente\/wp-json\/wp\/v2\/media?parent=23016"}],"wp:term":[{"taxonomy":"category","embeddable":true,"href":"https:\/\/www.ambienteyenergia.gob.ec\/ambiente\/wp-json\/wp\/v2\/categories?post=23016"},{"taxonomy":"post_tag","embeddable":true,"href":"https:\/\/www.ambienteyenergia.gob.ec\/ambiente\/wp-json\/wp\/v2\/tags?post=23016"}],"curies":[{"name":"wp","href":"https:\/\/api.w.org\/{rel}","templated":true}]}}