{"id":23011,"date":"2014-10-27T10:11:12","date_gmt":"2014-10-27T15:11:12","guid":{"rendered":"http:\/\/www.ambiente.gob.ec\/?p=23011"},"modified":"2014-10-27T10:11:12","modified_gmt":"2014-10-27T15:11:12","slug":"mae-rescata-una-iguana-en-chimborazo","status":"publish","type":"post","link":"https:\/\/www.ambienteyenergia.gob.ec\/ambiente\/mae-rescata-una-iguana-en-chimborazo\/","title":{"rendered":"MAE rescata una Iguana en Chimborazo"},"content":{"rendered":"<p style=\"text-align: justify;\">Gracias a la colaboraci\u00f3n de la ciudadan\u00eda, la Unidad de Vida Silvestre del Ministerio del Ambiente de Ecuador (MAE), en coordinaci\u00f3n con el personal de la\u00a0 Unidad de Protecci\u00f3n del Medio Ambiente (UPMA) de la Polic\u00eda Nacional, rescat\u00f3 una Iguana (Iguana iguana) en las afueras del cant\u00f3n Guano, en Chimborazo.<\/p>\n<p style=\"text-align: justify;\">\nUna denuncia telef\u00f3nica inform\u00f3 al personal t\u00e9cnico de la Direcci\u00f3n Provincial del Ambiente de Chimborazo sobre la presencia de una iguana abandonada a la entrada\u00a0 del cant\u00f3n Guano, motivo por el cual funcionarios de la Unidad de Vida Silvestre del MAE se moviliz\u00f3 de inmediato a verificar y a rescatar al esp\u00e9cimen de vida silvestre.<\/p>\n<p style=\"text-align: justify;\">\nLa Iguana iguana fue trasladada a la ciudad de Guayaquil y entregada a la Unidad de Vida Silvestre de la Direcci\u00f3n Provincial de Ambiente del Guayas para su evaluaci\u00f3n y posterior liberaci\u00f3n en el Bosque Protector Cerro Blanco.<\/p>\n<p style=\"text-align: justify;\">\nEl MAE continuar\u00e1 con operativos de control con el objetivo de proteger el patrimonio natural nacional, en cumplimiento del la normativa ambiental vigente.<\/p>\n<p style=\"text-align: justify;\">\nAdem\u00e1s, en Chimborazo se realizaran campa\u00f1as continuas de socializaci\u00f3n y educaci\u00f3n ambiental dirigidas a la ciudadan\u00eda para evitar la caza y el tr\u00e1fico\u00a0 de vida silvestre en el pa\u00eds, delito reconocido en el art\u00edculo 247 del C\u00f3digo Penal Integral que sanciona a \u201cLa persona que cace, pesque, capture, recolecte, extraiga, tenga, transporte, trafique, se beneficie, permute o comercialice, espec\u00edmenes o sus partes, sus elementos constitutivos, productos y derivados, de flora o fauna silvestre terrestre, marina o acu\u00e1tica, de especies amenazadas, en peligro de extinci\u00f3n y migratorias, listadas a nivel nacional por la Autoridad Ambiental Nacional as\u00ed como instrumentos o tratados internacionales ratificados por el Estado, ser\u00e1 sancionada con pena privativa de libertad de uno a tres a\u00f1os\u201d.<\/p>\n","protected":false},"excerpt":{"rendered":"<p class=\"excerpt\">Gracias a la colaboraci\u00f3n de la ciudadan\u00eda, la Unidad de Vida Silvestre del Ministerio del Ambiente de Ecuador (MAE), en coordinaci\u00f3n con el personal de la\u00a0 Unidad de Protecci\u00f3n del Medio Ambiente (UPMA) de la Polic\u00eda Nacional, rescat\u00f3 una Iguana (Iguana iguana) en las afueras del cant\u00f3n Guano, en Chimborazo. Una denuncia telef\u00f3nica inform\u00f3 al personal t\u00e9cnico de la Direcci\u00f3n&hellip; <a href=\"https:\/\/www.ambienteyenergia.gob.ec\/ambiente\/mae-rescata-una-iguana-en-chimborazo\/\">Read more &rarr;<\/a><\/p>\n","protected":false},"author":13,"featured_media":23012,"comment_status":"open","ping_status":"open","sticky":false,"template":"","format":"standard","meta":{"footnotes":""},"categories":[16,4],"tags":[],"class_list":["post-23011","post","type-post","status-publish","format-standard","has-post-thumbnail","hentry","category-comunicamos","category-noticias","xfolkentry"],"_links":{"self":[{"href":"https:\/\/www.ambienteyenergia.gob.ec\/ambiente\/wp-json\/wp\/v2\/posts\/23011","targetHints":{"allow":["GET"]}}],"collection":[{"href":"https:\/\/www.ambienteyenergia.gob.ec\/ambiente\/wp-json\/wp\/v2\/posts"}],"about":[{"href":"https:\/\/www.ambienteyenergia.gob.ec\/ambiente\/wp-json\/wp\/v2\/types\/post"}],"author":[{"embeddable":true,"href":"https:\/\/www.ambienteyenergia.gob.ec\/ambiente\/wp-json\/wp\/v2\/users\/13"}],"replies":[{"embeddable":true,"href":"https:\/\/www.ambienteyenergia.gob.ec\/ambiente\/wp-json\/wp\/v2\/comments?post=23011"}],"version-history":[{"count":0,"href":"https:\/\/www.ambienteyenergia.gob.ec\/ambiente\/wp-json\/wp\/v2\/posts\/23011\/revisions"}],"wp:featuredmedia":[{"embeddable":true,"href":"https:\/\/www.ambienteyenergia.gob.ec\/ambiente\/wp-json\/wp\/v2\/media\/23012"}],"wp:attachment":[{"href":"https:\/\/www.ambienteyenergia.gob.ec\/ambiente\/wp-json\/wp\/v2\/media?parent=23011"}],"wp:term":[{"taxonomy":"category","embeddable":true,"href":"https:\/\/www.ambienteyenergia.gob.ec\/ambiente\/wp-json\/wp\/v2\/categories?post=23011"},{"taxonomy":"post_tag","embeddable":true,"href":"https:\/\/www.ambienteyenergia.gob.ec\/ambiente\/wp-json\/wp\/v2\/tags?post=23011"}],"curies":[{"name":"wp","href":"https:\/\/api.w.org\/{rel}","templated":true}]}}