{"id":23006,"date":"2014-10-27T10:06:37","date_gmt":"2014-10-27T15:06:37","guid":{"rendered":"http:\/\/www.ambiente.gob.ec\/?p=23006"},"modified":"2014-10-27T10:16:16","modified_gmt":"2014-10-27T15:16:16","slug":"ecuador-y-costa-rica-proponen-medidas-internacionales-para-conservar-los-tiburones-martillo","status":"publish","type":"post","link":"https:\/\/www.ambienteyenergia.gob.ec\/ambiente\/ecuador-y-costa-rica-proponen-medidas-internacionales-para-conservar-los-tiburones-martillo\/","title":{"rendered":"Ecuador y Costa Rica proponen medidas internacionales para conservar los tiburones martillo"},"content":{"rendered":"<p style=\"text-align: justify;\">En la decimoprimera reuni\u00f3n de la Conferencia de las Partes, de la Convenci\u00f3n sobre Especies Migratorias (CMS), que se desarrollar\u00e1 en Quito, del 2 al\u00a09 de noviembre, los gobiernos de Ecuador y Costa Rica presentar\u00e1n una propuesta para incluir al tibur\u00f3n martillo, con sus especies\u00a0Sphyrna lewini,\u00a0y\u00a0Shyrna mokarran,\u00a0dentro del Ap\u00e9ndice II de esta convenci\u00f3n, en b\u00fasqueda de alcanzar acuerdos internacionales para la conservaci\u00f3n de estas especies con un alto valor ecol\u00f3gico.<\/p>\n<p style=\"text-align: justify;\">Estas dos especies de tibur\u00f3n martillo, son muy similares morfol\u00f3gicamente pero tienen h\u00e1bitos y caracter\u00edsticas distintas; sin embargo cumplen un papel fundamental en los oc\u00e9anos, cuya diminuci\u00f3n o desaparici\u00f3n causar\u00eda una alteraci\u00f3n en la cadena tr\u00f3fica marina con dr\u00e1sticas consecuencias ecol\u00f3gicas.<\/p>\n<p style=\"text-align: justify;\">Estas especies de tibur\u00f3n martillo, que est\u00e1n dentro de la lista roja de especies en peligro de extinci\u00f3n de la Uni\u00f3n Internacional para la Conservaci\u00f3n de la Naturaleza (UICN), enfrentan una constante amenaza por diversas causas como las fluctuaciones de temperatura, salinidad y cambio clim\u00e1tico; as\u00ed como por la sobrepesca y comercio de sus aletas en el mercado internacional. Las aletas del tibur\u00f3n martillo son m\u00e1s grandes y tienen gran cantidad de rayos, lo que las hacen apetecidas y mejor cotizadas.<\/p>\n<p style=\"text-align: justify;\">Sobre este tema, se estima que entre 1.3 millones y 2.7 millones de tiburones martillo son explotados para el comercio de aleta anualmente, sin embargo muy poco se difunde el peligro de consumo de carne de tibur\u00f3n ya que son especies que almacenan grandes cantidades de metales pesados. Un estudio realizado por la Asociaci\u00f3n Bloom, en Hong Kong, evidenci\u00f3 que 600 gramos de aleta de tibur\u00f3n martillo tiene un costo de entre 350 y 550 d\u00f3lares.<\/p>\n<p style=\"text-align: justify;\">Sin embargo, el valor de un tibur\u00f3n, como producto pesquero es sumamente inferior a la contribuci\u00f3n directa por efecto del turismo o indirecta por el rol que dichas especies posee en el equilibrio de los ecosistemas marinos. Solo en t\u00e9rminos de la cadena de turismo, diversos estudios apoyados por la organizaci\u00f3n Pew Charitable Trusts han demostrado que el turismo de buceo con tiburones genera m\u00e1s de 300 millones de d\u00f3lares al a\u00f1o alrededor del mundo y est\u00e1 pronosticado que crecer\u00e1 m\u00e1s del doble en los pr\u00f3ximos a\u00f1os. En algunos sitios, como Palao, un solo tibur\u00f3n puede alcanzar un valor estimado de 2 millones de d\u00f3lares por efecto del buceo.<\/p>\n<p style=\"text-align: justify;\">Al ser especies migratorias, las leyes que protegen los tiburones en diferentes pa\u00edses resultan ineficaces porque al moverse hacia otros sitios corren el riesgo de ser capturados, por ello, en esta cita internacional, Ecuador y Costa Rica apuntan a la adopci\u00f3n de medidas preventivas mundiales para disminuir el aleteo y comercio ilegal de tibur\u00f3n martillo y asumir un compromiso conjunto de los pa\u00edses Parte en implementar medidas de manejo para recuperar estas especies.<\/p>\n<p style=\"text-align: justify;\">La Convenci\u00f3n sobre Especies Migratorias es un tratado internacional del Programa de las Naciones Unidas para la Protecci\u00f3n del Ambiente, que busca asegurar la supervivencia de las especies migratorias y sus h\u00e1bitats, a trav\u00e9s de la aplicaci\u00f3n de mecanismos locales e internacionales. La CMS re\u00fane a los Estados por los que recorren los animales migratorios y establece las bases legales para medidas de conservaci\u00f3n coordinadas internacionalmente, mediante un \u00e1rea de migraci\u00f3n. A la reuni\u00f3n que se realizar\u00e1 en Quito del 4 al 9 de noviembre, asistir\u00e1n los delegados de m\u00e1s de 170 pa\u00edses, de los cuales se espera el voto a favor, para poder incluir al tibur\u00f3n martillo en el Ap\u00e9ndice II, de la Convenci\u00f3n, e incidir en las pol\u00edticas mundiales para su conservaci\u00f3n.<\/p>\n","protected":false},"excerpt":{"rendered":"<p class=\"excerpt\">En la decimoprimera reuni\u00f3n de la Conferencia de las Partes, de la Convenci\u00f3n sobre Especies Migratorias (CMS), que se desarrollar\u00e1 en Quito, del 2 al\u00a09 de noviembre, los gobiernos de Ecuador y Costa Rica presentar\u00e1n una propuesta para incluir al tibur\u00f3n martillo, con sus especies\u00a0Sphyrna lewini,\u00a0y\u00a0Shyrna mokarran,\u00a0dentro del Ap\u00e9ndice II de esta convenci\u00f3n, en b\u00fasqueda de alcanzar acuerdos internacionales para&hellip; <a href=\"https:\/\/www.ambienteyenergia.gob.ec\/ambiente\/ecuador-y-costa-rica-proponen-medidas-internacionales-para-conservar-los-tiburones-martillo\/\">Read more &rarr;<\/a><\/p>\n","protected":false},"author":13,"featured_media":22884,"comment_status":"open","ping_status":"open","sticky":false,"template":"","format":"standard","meta":{"footnotes":""},"categories":[16,4],"tags":[],"class_list":["post-23006","post","type-post","status-publish","format-standard","has-post-thumbnail","hentry","category-comunicamos","category-noticias","xfolkentry"],"_links":{"self":[{"href":"https:\/\/www.ambienteyenergia.gob.ec\/ambiente\/wp-json\/wp\/v2\/posts\/23006","targetHints":{"allow":["GET"]}}],"collection":[{"href":"https:\/\/www.ambienteyenergia.gob.ec\/ambiente\/wp-json\/wp\/v2\/posts"}],"about":[{"href":"https:\/\/www.ambienteyenergia.gob.ec\/ambiente\/wp-json\/wp\/v2\/types\/post"}],"author":[{"embeddable":true,"href":"https:\/\/www.ambienteyenergia.gob.ec\/ambiente\/wp-json\/wp\/v2\/users\/13"}],"replies":[{"embeddable":true,"href":"https:\/\/www.ambienteyenergia.gob.ec\/ambiente\/wp-json\/wp\/v2\/comments?post=23006"}],"version-history":[{"count":0,"href":"https:\/\/www.ambienteyenergia.gob.ec\/ambiente\/wp-json\/wp\/v2\/posts\/23006\/revisions"}],"wp:featuredmedia":[{"embeddable":true,"href":"https:\/\/www.ambienteyenergia.gob.ec\/ambiente\/wp-json\/wp\/v2\/media\/22884"}],"wp:attachment":[{"href":"https:\/\/www.ambienteyenergia.gob.ec\/ambiente\/wp-json\/wp\/v2\/media?parent=23006"}],"wp:term":[{"taxonomy":"category","embeddable":true,"href":"https:\/\/www.ambienteyenergia.gob.ec\/ambiente\/wp-json\/wp\/v2\/categories?post=23006"},{"taxonomy":"post_tag","embeddable":true,"href":"https:\/\/www.ambienteyenergia.gob.ec\/ambiente\/wp-json\/wp\/v2\/tags?post=23006"}],"curies":[{"name":"wp","href":"https:\/\/api.w.org\/{rel}","templated":true}]}}