{"id":23000,"date":"2014-10-25T10:29:04","date_gmt":"2014-10-25T15:29:04","guid":{"rendered":"http:\/\/www.ambiente.gob.ec\/?p=23000"},"modified":"2014-10-25T10:29:04","modified_gmt":"2014-10-25T15:29:04","slug":"41-guardaparques-se-graduaron-en-el-programa-aula-verde-del-mae","status":"publish","type":"post","link":"https:\/\/www.ambienteyenergia.gob.ec\/ambiente\/41-guardaparques-se-graduaron-en-el-programa-aula-verde-del-mae\/","title":{"rendered":"41 guardaparques se graduaron en el Programa Aula Verde del MAE"},"content":{"rendered":"<p style=\"text-align: justify;\">El Ministerio del Ambiente (MAE), con el objetivo de fortalecer las capacidades de los funcionarios que trabajan en las diferentes \u00e1reas protegidas del pa\u00eds, cre\u00f3 en convenio con la Fundaci\u00f3n Ecofondo y el Centro de Educaci\u00f3n y Promoci\u00f3n Popular (CEPP), el Programa Aula Verde, una respuesta nacional para mejorar el manejo del Sistema Nacional de \u00c1reas Protegidas y la vida silvestre, a trav\u00e9s de la formaci\u00f3n profesional.<\/p>\n<p style=\"text-align: justify;\">Por tal motivo\u00a0ayer\u00a0realiz\u00f3 la graduaci\u00f3n de 41 nuevos profesionales siendo la segunda y tercera promoci\u00f3n de guardaparques que han reforzado sus capacidades y conocimientos forestales.<\/p>\n<p style=\"text-align: justify;\">Con la participaci\u00f3n de Lorena Tapia N\u00fa\u00f1ez, Ministra del Ambiente; Esteban Silva, Gerente de Responsabilidad Social de OCP; Daniela Cruz,\u00a0Coordinadora Acad\u00e9mica Aula Verde; Francisco Prieto, Subsecretario de Patrimonio Natural; Wilson Rojas, Director Nacional de Biodiversidad formaron parte del acto simb\u00f3lico de graduaci\u00f3n del Programa Aula Verde.<\/p>\n<p style=\"text-align: justify;\">En su exposici\u00f3n, Esteban Silva, resalt\u00f3 el apoyo de socios aliados que han aunado esfuerzos con esta Cartera de Estado para mejorar las condiciones y la administraci\u00f3n de nuestras \u00e1reas protegidas.<\/p>\n<p style=\"text-align: justify;\">La Ministra Tapia, resalto el compromiso del MAE en incrementar la relaci\u00f3n entre los jefes y guardaparques de nuestras \u00e1reas protegidas como sujetos de cambio que generen valor agregado en la administraci\u00f3n de sus \u00e1reas, \u00a0siendo entes impulsadores de una educaci\u00f3n ambiental responsable con la ciudadan\u00eda y sobre todo ser el reflejo de profesionales \u00edntegros en el cuidado y conocimientos ambientales.<\/p>\n<p style=\"text-align: justify;\">Es por esto que la gesti\u00f3n del talento humano de las \u00e1reas protegidas es un factor clave en el manejo sostenible de la biodiversidad y la conservaci\u00f3n. Por ello, el MAE, a trav\u00e9s de la Subsecretaria de Patrimonio Natural, cre\u00f3 en el 2012 el Programa de Capacitaci\u00f3n Profesional de Funcionarios encargados de la Conservaci\u00f3n -Aula Verde-, con el fin de proteger y recuperar las \u00e1reas protegidas desde las capacidades humanas de quienes son responsables de su cuidado permanente.<\/p>\n<p style=\"text-align: justify;\">Daniela Cruz, Coordinadora Acad\u00e9mica Aula Verde, explic\u00f3 en su intervenci\u00f3n que la meta de este proyecto a nivel nacional es capacitar a los 475 guardaparques de las 50 \u00e1reas protegidas del patrimonio natural del Estado, con el objetivo de desarrollar las habilidad de talento humano para un mejor desempe\u00f1o, principalmente en control y vigilancia, procesos de conservaci\u00f3n, administraci\u00f3n de \u00e1reas protegidas y responsables de vida silvestre.<\/p>\n<p style=\"text-align: justify;\">El dise\u00f1o curricular incluye tres subprogramas dirigidos a guardaparques, administradores de \u00e1rea y responsables de vida silvestre. El Subprograma de guardaparques agrupa a funcionarios por regi\u00f3n, los cuales deben cumplir 616 horas de capacitaci\u00f3n que incluyen 14 encuentros presenciales.<\/p>\n<p style=\"text-align: justify;\">El grupo de 41 guardaparques se han capacitado en tem\u00e1ticas como competencias b\u00e1sicas, planificaci\u00f3n, control y vigilancia, comunicaci\u00f3n y educaci\u00f3n ambiental, manejo de biodiversidad, turismo y manejo de visitantes en \u00e1reas protegidas. Progresivamente continuar\u00e1n capacit\u00e1ndose otros grupos hasta completar la meta de 475 guardaparques, para el 2015 se continuar\u00e1 con el programa Aula Verde.<\/p>\n<p style=\"text-align: justify;\">El MAE ha declarado como prioridad nacional ambiental el mantenimiento y conservaci\u00f3n de las 50 \u00e1reas protegidas. Por ello, es fundamental promover en los funcionarios responsables del patrimonio natural una atenci\u00f3n oportuna y un excelente servicio humano, para que los visitantes, investigadores, estudiantes y educadores aprendan, se sientan c\u00f3modos, repliquen su grata experiencia y se comprometan con la conservaci\u00f3n de la biodiversidad del Ecuador en los a\u00f1os venideros.<\/p>\n","protected":false},"excerpt":{"rendered":"<p class=\"excerpt\">El Ministerio del Ambiente (MAE), con el objetivo de fortalecer las capacidades de los funcionarios que trabajan en las diferentes \u00e1reas protegidas del pa\u00eds, cre\u00f3 en convenio con la Fundaci\u00f3n Ecofondo y el Centro de Educaci\u00f3n y Promoci\u00f3n Popular (CEPP), el Programa Aula Verde, una respuesta nacional para mejorar el manejo del Sistema Nacional de \u00c1reas Protegidas y la vida&hellip; <a href=\"https:\/\/www.ambienteyenergia.gob.ec\/ambiente\/41-guardaparques-se-graduaron-en-el-programa-aula-verde-del-mae\/\">Read more &rarr;<\/a><\/p>\n","protected":false},"author":13,"featured_media":23002,"comment_status":"open","ping_status":"open","sticky":false,"template":"","format":"standard","meta":{"footnotes":""},"categories":[16,4],"tags":[562,561,387],"class_list":["post-23000","post","type-post","status-publish","format-standard","has-post-thumbnail","hentry","category-comunicamos","category-noticias","tag-aula-verde","tag-guardaparques","tag-mae-lorena-tapia","xfolkentry"],"_links":{"self":[{"href":"https:\/\/www.ambienteyenergia.gob.ec\/ambiente\/wp-json\/wp\/v2\/posts\/23000","targetHints":{"allow":["GET"]}}],"collection":[{"href":"https:\/\/www.ambienteyenergia.gob.ec\/ambiente\/wp-json\/wp\/v2\/posts"}],"about":[{"href":"https:\/\/www.ambienteyenergia.gob.ec\/ambiente\/wp-json\/wp\/v2\/types\/post"}],"author":[{"embeddable":true,"href":"https:\/\/www.ambienteyenergia.gob.ec\/ambiente\/wp-json\/wp\/v2\/users\/13"}],"replies":[{"embeddable":true,"href":"https:\/\/www.ambienteyenergia.gob.ec\/ambiente\/wp-json\/wp\/v2\/comments?post=23000"}],"version-history":[{"count":0,"href":"https:\/\/www.ambienteyenergia.gob.ec\/ambiente\/wp-json\/wp\/v2\/posts\/23000\/revisions"}],"wp:featuredmedia":[{"embeddable":true,"href":"https:\/\/www.ambienteyenergia.gob.ec\/ambiente\/wp-json\/wp\/v2\/media\/23002"}],"wp:attachment":[{"href":"https:\/\/www.ambienteyenergia.gob.ec\/ambiente\/wp-json\/wp\/v2\/media?parent=23000"}],"wp:term":[{"taxonomy":"category","embeddable":true,"href":"https:\/\/www.ambienteyenergia.gob.ec\/ambiente\/wp-json\/wp\/v2\/categories?post=23000"},{"taxonomy":"post_tag","embeddable":true,"href":"https:\/\/www.ambienteyenergia.gob.ec\/ambiente\/wp-json\/wp\/v2\/tags?post=23000"}],"curies":[{"name":"wp","href":"https:\/\/api.w.org\/{rel}","templated":true}]}}