{"id":22995,"date":"2014-10-24T12:27:55","date_gmt":"2014-10-24T17:27:55","guid":{"rendered":"http:\/\/www.ambiente.gob.ec\/?p=22995"},"modified":"2014-10-24T12:27:55","modified_gmt":"2014-10-24T17:27:55","slug":"delegacion-ecuatoriana-en-chile-conocio-sobre-trabajo-de-control-hidrico-y-acuicola","status":"publish","type":"post","link":"https:\/\/www.ambienteyenergia.gob.ec\/ambiente\/delegacion-ecuatoriana-en-chile-conocio-sobre-trabajo-de-control-hidrico-y-acuicola\/","title":{"rendered":"Delegaci\u00f3n ecuatoriana en Chile conoci\u00f3 sobre trabajo de control h\u00eddrico y acu\u00edcola"},"content":{"rendered":"<p style=\"margin-bottom: 0.28cm; line-height: 115%;\" align=\"justify\">La delegaci\u00f3n del Ministerio del Ambiente de Ecuador (MAE) culmin\u00f3 su visita t\u00e9cnica en Chile en el marco \u00a0previo para la Comisi\u00f3n Interministerial Binacional que se desarrollar\u00e1 el pr\u00f3ximo mes de diciembre en Quito, y contar\u00e1 con la presencia de representantes del gobierno chileno en materia ambiental.<\/p>\n<p style=\"margin-bottom: 0.28cm; line-height: 115%;\" align=\"justify\">Como parte de las actividades desarrolladas en estos dos \u00faltimos d\u00edas, los representantes ecuatorianos visitaron Puerto Montt, perteneciente a la regi\u00f3n de los Lagos, al sur de la capital chilena.<\/p>\n<p style=\"margin-bottom: 0.28cm; line-height: 115%;\" align=\"justify\">Puerto Montt es considerado como el principal centro de negocios del sur de Chile, orientado principalmente al turismo, actividad pesquera y acu\u00edcola, al transporte y telecomunicaciones, a la agricultura y ganader\u00eda. En la actualidad la comuna cuenta con 238 455.<\/p>\n<p style=\"margin-bottom: 0.28cm; line-height: 115%;\" align=\"justify\">Durante su participaci\u00f3n, el equipo t\u00e9cnico de esta Cartera de Estado particip\u00f3 de reuniones con los representantes de la Secretar\u00eda Regional Ministerial del Medio Ambiente, en donde transmitieron conocimientos y experiencias a cerca del trabajo h\u00eddrico y acu\u00edcola chileno, en el marco del desarrollo productivo y de matriz energ\u00e9tica que actualmente el Ecuador impulsa.<\/p>\n<p style=\"margin-bottom: 0.28cm; line-height: 115%;\" align=\"justify\">Uno de los temas principales durante esta reuni\u00f3n estuvo enfocado en el cuidado y protecci\u00f3n del ambiente, como una forma sostenible de desarrollo futuro, que en el caso del Puerto Montt es aprovechado para conformar diferentes ejes econ\u00f3micos, con el af\u00e1n de progreso social.<\/p>\n<p style=\"margin-bottom: 0.28cm; line-height: 115%;\" align=\"justify\">En horas de la tarde, los participantes acudieron a la Feria Internacional de Acuicultura \u2013 AquaSur 2014, misma que a\u00f1o tras a\u00f1o re\u00fane a cientos de empresas de bienes y servicios relacionados a esta actividad econ\u00f3mica.<\/p>\n<p style=\"margin-bottom: 0.28cm; line-height: 115%;\" align=\"justify\">Para finalizar la agenda prevista, la delegaci\u00f3n ecuatoriana se reuni\u00f3 <span id=\"OBJ_PREFIX_DWT1257_com_zimbra_date\" class=\"Object\">ayer<\/span> con el Ministerio de Minar\u00eda chileno, en el que su representante, Ana Luisa Morales, Jefa de Gesti\u00f3n Ambiental y Cierre de Faenas Mineras, misma que comparti\u00f3 con el equipo ecuatoriano la experiencia de Chile en materia de control ambiental a procesos de producci\u00f3n de gran impacto ambiental, en este caso el minero.<\/p>\n<p style=\"margin-bottom: 0.28cm; line-height: 115%;\" align=\"justify\">Al cierre de estas jornadas de trabajo el equipo t\u00e9cnico del MAE pudo conocer y transmitir experiencias en suelo chileno, con el af\u00e1n de trabajar conjuntamente en diferentes proyectos a escala nacional, en el marco del respeto de los Derechos de la Naturaleza y la Biodiversidad.<\/p>\n","protected":false},"excerpt":{"rendered":"<p class=\"excerpt\">La delegaci\u00f3n del Ministerio del Ambiente de Ecuador (MAE) culmin\u00f3 su visita t\u00e9cnica en Chile en el marco \u00a0previo para la Comisi\u00f3n Interministerial Binacional que se desarrollar\u00e1 el pr\u00f3ximo mes de diciembre en Quito, y contar\u00e1 con la presencia de representantes del gobierno chileno en materia ambiental. Como parte de las actividades desarrolladas en estos dos \u00faltimos d\u00edas, los representantes&hellip; <a href=\"https:\/\/www.ambienteyenergia.gob.ec\/ambiente\/delegacion-ecuatoriana-en-chile-conocio-sobre-trabajo-de-control-hidrico-y-acuicola\/\">Read more &rarr;<\/a><\/p>\n","protected":false},"author":13,"featured_media":22996,"comment_status":"open","ping_status":"open","sticky":false,"template":"","format":"standard","meta":{"footnotes":""},"categories":[16,4],"tags":[151,387],"class_list":["post-22995","post","type-post","status-publish","format-standard","has-post-thumbnail","hentry","category-comunicamos","category-noticias","tag-chile","tag-mae-lorena-tapia","xfolkentry"],"_links":{"self":[{"href":"https:\/\/www.ambienteyenergia.gob.ec\/ambiente\/wp-json\/wp\/v2\/posts\/22995","targetHints":{"allow":["GET"]}}],"collection":[{"href":"https:\/\/www.ambienteyenergia.gob.ec\/ambiente\/wp-json\/wp\/v2\/posts"}],"about":[{"href":"https:\/\/www.ambienteyenergia.gob.ec\/ambiente\/wp-json\/wp\/v2\/types\/post"}],"author":[{"embeddable":true,"href":"https:\/\/www.ambienteyenergia.gob.ec\/ambiente\/wp-json\/wp\/v2\/users\/13"}],"replies":[{"embeddable":true,"href":"https:\/\/www.ambienteyenergia.gob.ec\/ambiente\/wp-json\/wp\/v2\/comments?post=22995"}],"version-history":[{"count":0,"href":"https:\/\/www.ambienteyenergia.gob.ec\/ambiente\/wp-json\/wp\/v2\/posts\/22995\/revisions"}],"wp:featuredmedia":[{"embeddable":true,"href":"https:\/\/www.ambienteyenergia.gob.ec\/ambiente\/wp-json\/wp\/v2\/media\/22996"}],"wp:attachment":[{"href":"https:\/\/www.ambienteyenergia.gob.ec\/ambiente\/wp-json\/wp\/v2\/media?parent=22995"}],"wp:term":[{"taxonomy":"category","embeddable":true,"href":"https:\/\/www.ambienteyenergia.gob.ec\/ambiente\/wp-json\/wp\/v2\/categories?post=22995"},{"taxonomy":"post_tag","embeddable":true,"href":"https:\/\/www.ambienteyenergia.gob.ec\/ambiente\/wp-json\/wp\/v2\/tags?post=22995"}],"curies":[{"name":"wp","href":"https:\/\/api.w.org\/{rel}","templated":true}]}}