{"id":22993,"date":"2014-10-24T12:21:38","date_gmt":"2014-10-24T17:21:38","guid":{"rendered":"http:\/\/www.ambiente.gob.ec\/?p=22993"},"modified":"2014-10-24T12:21:38","modified_gmt":"2014-10-24T17:21:38","slug":"mae-promovio-taller-sobre-protocolo-de-nagoya-a-asambleistas","status":"publish","type":"post","link":"https:\/\/www.ambienteyenergia.gob.ec\/ambiente\/mae-promovio-taller-sobre-protocolo-de-nagoya-a-asambleistas\/","title":{"rendered":"MAE promovi\u00f3 taller sobre Protocolo de Nagoya a asamble\u00edstas"},"content":{"rendered":"<p style=\"margin-bottom: 0.28cm; line-height: 108%; text-align: justify;\">El Ministerio del Ambiente del Ecuador organiz\u00f3 un taller con los asamble\u00edstas de Alianza Pa\u00eds para explicar los alcances e importancia de la ratificaci\u00f3n del Protocolo de Nagoya.<\/p>\n<p style=\"margin-bottom: 0.28cm; line-height: 108%; text-align: justify;\" align=\"justify\">Para ello, la Ministra del Ambiente Lorena Tapia hizo acercamientos con especialistas en el tema, quienes hicieron exposiciones desde varios enfoques. <span id=\"OBJ_PREFIX_DWT1076_com_zimbra_date\" class=\"Object\">Mar<\/span>\u00eda de Lourdes Torres, del Colegio de Ciencias Biol\u00f3gicas y Ambientales de la Universidad San Francisco de Quito, qui\u00e9n empez\u00f3 detallando desde los principios y conceptos generales referente a la biodiversidad destacando con informaci\u00f3n y datos oficiales (fuente MAE) el potencial que tiene el pa\u00eds por su alta biodiversidad nativa y end\u00e9mica, por lo que es reconocido entre los 18 pa\u00edses m\u00e1s biodiversos del mundo. Posterior a ello, se focaliz\u00f3 hacia el uso potencial de los recursos gen\u00e9ticos y sus derivados, resaltando la importancia de la investigaci\u00f3n b\u00e1sica y aplicada.<\/p>\n<p style=\"margin-bottom: 0.28cm; line-height: 108%; text-align: justify;\" align=\"justify\">Manuel Balde\u00f3n, director del Centro de Investigaci\u00f3n Transnacional de la UDLA expuso sobre el gran potencial que tiene la biodiversidad en las aplicaciones en las distintas \u00e1reas de la investigaci\u00f3n. Como m\u00e9dico, puso varios ejemplos de los usos tradicionales de la biodiversidad que han dado las pautas hacia la identificaci\u00f3n en la soluci\u00f3n a varios enfermedades como es el caso de la diabetes, hipertensi\u00f3n, colesterol. Al final, se puso \u00e9nfasis la importancia de la investigaci\u00f3n y su urgente necesidad de potenciar la misma como una pol\u00edtica de Estado.<\/p>\n<p style=\"margin-bottom: 0.28cm; line-height: 108%; text-align: justify;\" align=\"justify\">Por su parte, Yolanda Ter\u00e1n, l\u00edder ind\u00edgena y representante del Foro Ind\u00edgena Internacional relat\u00f3 sobre la lucha de varios a\u00f1os para que los pueblos ind\u00edgenas finalmente sean reconocidos sus saberes ancestrales a trav\u00e9s de un instrumento internacional mundial como es el Protocolo de Nagoya. Destac\u00f3 que el rol de la mujer es fundamental en los quehaceres diarios. Su mensaje fue directo en manifestar la urgencia de la ratificaci\u00f3n, resaltando el compromiso que tienen los pa\u00edses en iniciar los procesos de implementaci\u00f3n con la amplia participaci\u00f3n de los pueblos y nacionalidades ind\u00edgenas.<\/p>\n<p style=\"margin-bottom: 0.28cm; line-height: 108%; text-align: justify;\">Alejandro Lago, asesor de la la UNESCO, recalc\u00f3 en su exposici\u00f3n que el Ecuador tiene mucho que ganar al contar con una norma mundial internacional de acceso al recurso gen\u00e9tico que le da mayor fuerza a la norma andina . Puso el ejemplo de que cualquier recursos gen\u00e9tico ecuatoriano que est\u00e9 en Espa\u00f1a (por ejemplo) puede el Ecuador exigir su repatriaci\u00f3n y m\u00e1s a\u00fan exigir regal\u00edas si el mismo ha sido procesado en nivel comercial. Adem\u00e1s, concluy\u00f3 que el Ecuador gana mucho ratificando Nagoya, ya que si no lo hace perder\u00eda muchos espacios a nivel internacional para exigir sus derechos como pa\u00eds centro de origen de una gran cantidad de recursos gen\u00e9ticos tanto a nivel de la flora, fauna y microrganismos.<\/p>\n<p style=\"margin-bottom: 0.28cm; line-height: 108%; text-align: justify;\">El Protocolo de Nagoya es un marco regulatorio global de todo acceso, uso y reparto de recursos gen\u00e9ticos. El Ecuador se encuentra en un proceso de negociaci\u00f3n para suscribir este protocolo. \u201cLo que garantiza esta suscripci\u00f3n es un acceso justo y equitativo a todo lo que son recursos gen\u00e9ticos y los beneficios que demanden o que se deriven de los mismos\u201d, recalca la Ministra del Ambiente, Lorena Tapia.<\/p>\n<p style=\"margin-bottom: 0.28cm; line-height: 108%; text-align: justify;\">El objetivo principal de este protocolo es la consagraci\u00f3n de la diversidad biol\u00f3gica. El Ecuador es uno de los pa\u00edses m\u00e1s megadiversos, es un etnocentro, donde en un km\u00b2 podemos encontrar el mayor n\u00famero de especies de flora y fauna que en ninguna otra parte del mundo.<\/p>\n","protected":false},"excerpt":{"rendered":"<p class=\"excerpt\">El Ministerio del Ambiente del Ecuador organiz\u00f3 un taller con los asamble\u00edstas de Alianza Pa\u00eds para explicar los alcances e importancia de la ratificaci\u00f3n del Protocolo de Nagoya. Para ello, la Ministra del Ambiente Lorena Tapia hizo acercamientos con especialistas en el tema, quienes hicieron exposiciones desde varios enfoques. Mar\u00eda de Lourdes Torres, del Colegio de Ciencias Biol\u00f3gicas y Ambientales&hellip; <a href=\"https:\/\/www.ambienteyenergia.gob.ec\/ambiente\/mae-promovio-taller-sobre-protocolo-de-nagoya-a-asambleistas\/\">Read more &rarr;<\/a><\/p>\n","protected":false},"author":13,"featured_media":22884,"comment_status":"open","ping_status":"open","sticky":false,"template":"","format":"standard","meta":{"footnotes":""},"categories":[16,4],"tags":[387,560],"class_list":["post-22993","post","type-post","status-publish","format-standard","has-post-thumbnail","hentry","category-comunicamos","category-noticias","tag-mae-lorena-tapia","tag-nagoya","xfolkentry"],"_links":{"self":[{"href":"https:\/\/www.ambienteyenergia.gob.ec\/ambiente\/wp-json\/wp\/v2\/posts\/22993","targetHints":{"allow":["GET"]}}],"collection":[{"href":"https:\/\/www.ambienteyenergia.gob.ec\/ambiente\/wp-json\/wp\/v2\/posts"}],"about":[{"href":"https:\/\/www.ambienteyenergia.gob.ec\/ambiente\/wp-json\/wp\/v2\/types\/post"}],"author":[{"embeddable":true,"href":"https:\/\/www.ambienteyenergia.gob.ec\/ambiente\/wp-json\/wp\/v2\/users\/13"}],"replies":[{"embeddable":true,"href":"https:\/\/www.ambienteyenergia.gob.ec\/ambiente\/wp-json\/wp\/v2\/comments?post=22993"}],"version-history":[{"count":0,"href":"https:\/\/www.ambienteyenergia.gob.ec\/ambiente\/wp-json\/wp\/v2\/posts\/22993\/revisions"}],"wp:featuredmedia":[{"embeddable":true,"href":"https:\/\/www.ambienteyenergia.gob.ec\/ambiente\/wp-json\/wp\/v2\/media\/22884"}],"wp:attachment":[{"href":"https:\/\/www.ambienteyenergia.gob.ec\/ambiente\/wp-json\/wp\/v2\/media?parent=22993"}],"wp:term":[{"taxonomy":"category","embeddable":true,"href":"https:\/\/www.ambienteyenergia.gob.ec\/ambiente\/wp-json\/wp\/v2\/categories?post=22993"},{"taxonomy":"post_tag","embeddable":true,"href":"https:\/\/www.ambienteyenergia.gob.ec\/ambiente\/wp-json\/wp\/v2\/tags?post=22993"}],"curies":[{"name":"wp","href":"https:\/\/api.w.org\/{rel}","templated":true}]}}