{"id":22990,"date":"2014-10-24T12:09:16","date_gmt":"2014-10-24T17:09:16","guid":{"rendered":"http:\/\/www.ambiente.gob.ec\/?p=22990"},"modified":"2014-10-24T12:09:16","modified_gmt":"2014-10-24T17:09:16","slug":"mae-rescata-tres-especimenes-de-fauna-silvestre-en-santo-domingo-de-los-tsachilas","status":"publish","type":"post","link":"https:\/\/www.ambienteyenergia.gob.ec\/ambiente\/mae-rescata-tres-especimenes-de-fauna-silvestre-en-santo-domingo-de-los-tsachilas\/","title":{"rendered":"MAE rescata tres espec\u00edmenes de fauna silvestre en Santo Domingo de los Ts\u00e1chilas"},"content":{"rendered":"<p style=\"margin-bottom: 0.35cm;\" align=\"JUSTIFY\"><span style=\"font-family: Arial,serif;\"><span style=\"font-size: medium;\">Esta semana t\u00e9cnicos del Ministerio del Ambiente (MAE) de Santo Domingo de los Colorados y la Unidad de Protecci\u00f3n del Medio Ambiente de la Polic\u00eda Nacional (UPMA) realizaron varios operativos de control de vida silvestre, con excelentes resultados.<\/span><\/span><\/p>\n<p style=\"margin-bottom: 0.35cm;\" align=\"JUSTIFY\"><span style=\"font-family: Arial,serif;\"><span style=\"font-size: medium;\">As\u00ed, se procedi\u00f3 con el rescate de tres espec\u00edmenes de fauna silvestre de la regi\u00f3n, entre ellos un perezoso de tres dedos (Bradypus variegatus), una tortuga mordedora (Chelydra acutirostris) y un perezoso de dos dedos (Choloepus hoffmanni). Los animales rescatados fueron inmediatamente trasladados hasta las instalaciones de la Direcci\u00f3n Provincial del Ambiente Santo Domingo; para posteriormente ser entregados en custodia temporal al Centro de Rescate \u201cCarlos Beldach\u201d.<br \/>\n<\/span><\/span><\/p>\n<p style=\"margin-bottom: 0.35cm;\" align=\"JUSTIFY\"><span style=\"font-family: Arial,serif;\"><span style=\"font-size: medium;\">Personal veterinario realiza los chequeos m\u00e9dicos respectivos para verificar su estado de salud; mientras que el MAE contin\u00faa con el proceso de seguimiento del caso, con la finalidad de que en poco tiempo puedan ser re-introducidos a su h\u00e1bitat natural.<\/span><\/span><\/p>\n<p style=\"margin-bottom: 0.35cm;\" align=\"JUSTIFY\"><span style=\"font-family: Arial,serif;\"><span style=\"font-size: medium;\">Esta Cartera de Estado a trav\u00e9s de la Unidad de Patrimonio Natural ejecuta de forma permanente controles forestales y de vida silvestre, con el objetivo de precautelar el bienestar de varias especies, tanto de flora como de fauna. Por ello, se invita a la ciudadan\u00eda a que denuncien o comuniquen la ubicaci\u00f3n, tenencia y comercializaci\u00f3n de vida silvestre y de productos forestales madereros ilegales; comunic\u00e1ndose a los n\u00fameros de tel\u00e9fono 1800 &#8211; Ambiente (2624368), ECU 911, 115 de la Polic\u00eda Nacional.<\/span><\/span><\/p>\n","protected":false},"excerpt":{"rendered":"<p class=\"excerpt\">Esta semana t\u00e9cnicos del Ministerio del Ambiente (MAE) de Santo Domingo de los Colorados y la Unidad de Protecci\u00f3n del Medio Ambiente de la Polic\u00eda Nacional (UPMA) realizaron varios operativos de control de vida silvestre, con excelentes resultados. As\u00ed, se procedi\u00f3 con el rescate de tres espec\u00edmenes de fauna silvestre de la regi\u00f3n, entre ellos un perezoso de tres dedos&hellip; <a href=\"https:\/\/www.ambienteyenergia.gob.ec\/ambiente\/mae-rescata-tres-especimenes-de-fauna-silvestre-en-santo-domingo-de-los-tsachilas\/\">Read more &rarr;<\/a><\/p>\n","protected":false},"author":13,"featured_media":22991,"comment_status":"open","ping_status":"open","sticky":false,"template":"","format":"standard","meta":{"footnotes":""},"categories":[16,4],"tags":[387,444],"class_list":["post-22990","post","type-post","status-publish","format-standard","has-post-thumbnail","hentry","category-comunicamos","category-noticias","tag-mae-lorena-tapia","tag-subsecretaria-de-patrimonio-natural","xfolkentry"],"_links":{"self":[{"href":"https:\/\/www.ambienteyenergia.gob.ec\/ambiente\/wp-json\/wp\/v2\/posts\/22990","targetHints":{"allow":["GET"]}}],"collection":[{"href":"https:\/\/www.ambienteyenergia.gob.ec\/ambiente\/wp-json\/wp\/v2\/posts"}],"about":[{"href":"https:\/\/www.ambienteyenergia.gob.ec\/ambiente\/wp-json\/wp\/v2\/types\/post"}],"author":[{"embeddable":true,"href":"https:\/\/www.ambienteyenergia.gob.ec\/ambiente\/wp-json\/wp\/v2\/users\/13"}],"replies":[{"embeddable":true,"href":"https:\/\/www.ambienteyenergia.gob.ec\/ambiente\/wp-json\/wp\/v2\/comments?post=22990"}],"version-history":[{"count":0,"href":"https:\/\/www.ambienteyenergia.gob.ec\/ambiente\/wp-json\/wp\/v2\/posts\/22990\/revisions"}],"wp:featuredmedia":[{"embeddable":true,"href":"https:\/\/www.ambienteyenergia.gob.ec\/ambiente\/wp-json\/wp\/v2\/media\/22991"}],"wp:attachment":[{"href":"https:\/\/www.ambienteyenergia.gob.ec\/ambiente\/wp-json\/wp\/v2\/media?parent=22990"}],"wp:term":[{"taxonomy":"category","embeddable":true,"href":"https:\/\/www.ambienteyenergia.gob.ec\/ambiente\/wp-json\/wp\/v2\/categories?post=22990"},{"taxonomy":"post_tag","embeddable":true,"href":"https:\/\/www.ambienteyenergia.gob.ec\/ambiente\/wp-json\/wp\/v2\/tags?post=22990"}],"curies":[{"name":"wp","href":"https:\/\/api.w.org\/{rel}","templated":true}]}}