{"id":22985,"date":"2014-10-23T19:22:30","date_gmt":"2014-10-24T00:22:30","guid":{"rendered":"http:\/\/www.ambiente.gob.ec\/?p=22985"},"modified":"2014-10-27T08:19:10","modified_gmt":"2014-10-27T13:19:10","slug":"pacc-y-congope-capacitan-a-tecnicos-de-los-gad-provinciales-de-pichincha-esmeraldas-azuay-loja-y-bolivar","status":"publish","type":"post","link":"https:\/\/www.ambienteyenergia.gob.ec\/ambiente\/pacc-y-congope-capacitan-a-tecnicos-de-los-gad-provinciales-de-pichincha-esmeraldas-azuay-loja-y-bolivar\/","title":{"rendered":"PACC Y CONGOPE capacitan a t\u00e9cnicos de los GAD provinciales de Pichincha, Esmeraldas, Azuay, Loja y Bol\u00edvar"},"content":{"rendered":"<p style=\"text-align: justify;\">Como parte del proceso de fortalecimiento de capacidades, el Proyecto de Adaptaci\u00f3n al Cambio Clim\u00e1tico en el Ecuador (PACC) del Ministerio del Ambiente, en conjunto con el Consorcio de Gobiernos Aut\u00f3nomos Provinciales del Ecuador (CONGOPE) y con el apoyo del Programa de las Naciones Unidas para el Desarrollo (PNUD), organizaron el taller \u201cProceso de Fortalecimiento de Capacidades para la adecuada gesti\u00f3n del agua como medida de adaptaci\u00f3n frente a los efectos del Cambio Clim\u00e1tico a nivel de Gobiernos Aut\u00f3nomos Descentralizados Provinciales\u201d.<\/p>\n<p style=\"text-align: justify;\">Este evento se desarroll\u00f3 en Loja y cont\u00f3 con la participaci\u00f3n de las y los beneficiarios de las medidas de adaptaci\u00f3n ejecutadas por el PACC a trav\u00e9s del Gobierno Provincial de Loja en Vilcabamba y Malacatos.<\/p>\n<p style=\"text-align: justify;\">Participaron t\u00e9cnicos de los GAD provinciales de Bol\u00edvar, Pichincha, Azuay y Esmeraldas, as\u00ed como miembros de las comunidades quienes expusieron los beneficios de las medidas ejecutadas y sus resultados. Entre estas medidas se pueden destacar la construcci\u00f3n de albarradas, abrevaderos y\u00a0 se continua con la implementaci\u00f3n de sistemas de riego presurizados, dismunuyendo la vulnerabilidad ante los efectos del cambio clim\u00e1tico beneficiando a 170 familias de la zona.<\/p>\n","protected":false},"excerpt":{"rendered":"<p class=\"excerpt\">Como parte del proceso de fortalecimiento de capacidades, el Proyecto de Adaptaci\u00f3n al Cambio Clim\u00e1tico en el Ecuador (PACC) del Ministerio del Ambiente, en conjunto con el Consorcio de Gobiernos Aut\u00f3nomos Provinciales del Ecuador (CONGOPE) y con el apoyo del Programa de las Naciones Unidas para el Desarrollo (PNUD), organizaron el taller \u201cProceso de Fortalecimiento de Capacidades para la adecuada&hellip; <a href=\"https:\/\/www.ambienteyenergia.gob.ec\/ambiente\/pacc-y-congope-capacitan-a-tecnicos-de-los-gad-provinciales-de-pichincha-esmeraldas-azuay-loja-y-bolivar\/\">Read more &rarr;<\/a><\/p>\n","protected":false},"author":13,"featured_media":23004,"comment_status":"open","ping_status":"open","sticky":false,"template":"","format":"standard","meta":{"footnotes":""},"categories":[16,4],"tags":[387],"class_list":["post-22985","post","type-post","status-publish","format-standard","has-post-thumbnail","hentry","category-comunicamos","category-noticias","tag-mae-lorena-tapia","xfolkentry"],"_links":{"self":[{"href":"https:\/\/www.ambienteyenergia.gob.ec\/ambiente\/wp-json\/wp\/v2\/posts\/22985","targetHints":{"allow":["GET"]}}],"collection":[{"href":"https:\/\/www.ambienteyenergia.gob.ec\/ambiente\/wp-json\/wp\/v2\/posts"}],"about":[{"href":"https:\/\/www.ambienteyenergia.gob.ec\/ambiente\/wp-json\/wp\/v2\/types\/post"}],"author":[{"embeddable":true,"href":"https:\/\/www.ambienteyenergia.gob.ec\/ambiente\/wp-json\/wp\/v2\/users\/13"}],"replies":[{"embeddable":true,"href":"https:\/\/www.ambienteyenergia.gob.ec\/ambiente\/wp-json\/wp\/v2\/comments?post=22985"}],"version-history":[{"count":0,"href":"https:\/\/www.ambienteyenergia.gob.ec\/ambiente\/wp-json\/wp\/v2\/posts\/22985\/revisions"}],"wp:featuredmedia":[{"embeddable":true,"href":"https:\/\/www.ambienteyenergia.gob.ec\/ambiente\/wp-json\/wp\/v2\/media\/23004"}],"wp:attachment":[{"href":"https:\/\/www.ambienteyenergia.gob.ec\/ambiente\/wp-json\/wp\/v2\/media?parent=22985"}],"wp:term":[{"taxonomy":"category","embeddable":true,"href":"https:\/\/www.ambienteyenergia.gob.ec\/ambiente\/wp-json\/wp\/v2\/categories?post=22985"},{"taxonomy":"post_tag","embeddable":true,"href":"https:\/\/www.ambienteyenergia.gob.ec\/ambiente\/wp-json\/wp\/v2\/tags?post=22985"}],"curies":[{"name":"wp","href":"https:\/\/api.w.org\/{rel}","templated":true}]}}