{"id":22982,"date":"2014-10-22T18:03:01","date_gmt":"2014-10-22T23:03:01","guid":{"rendered":"http:\/\/www.ambiente.gob.ec\/?p=22982"},"modified":"2014-10-24T13:55:37","modified_gmt":"2014-10-24T18:55:37","slug":"playerito-semipalmeado-podria-ser-incluido-en-el-apendice-i-de-la-cms","status":"publish","type":"post","link":"https:\/\/www.ambienteyenergia.gob.ec\/ambiente\/playerito-semipalmeado-podria-ser-incluido-en-el-apendice-i-de-la-cms\/","title":{"rendered":"Playerito Semipalmeado, podr\u00eda ser incluido en el Ap\u00e9ndice I de la CMS"},"content":{"rendered":"<p style=\"text-align: justify;\">Entre las propuestas que se expondr\u00e1n durante la XI Reuni\u00f3n de la Conferencia de las Partes de la Convenci\u00f3n sobre la Conservaci\u00f3n de las especies migratorias, se encuentra el Playerito Semipalmeado (Calidris pusilla) Ecuador y Paraguay han presentado una propuesta para que esta ave migratoria pueda ser incluida en el Ap\u00e9ndice I de la CMS, es decir, una especie en peligro.<\/p>\n<p style=\"text-align: justify;\">\nLa iniciativa se basa en un estudio realizado por la organizaci\u00f3n dedicada a la protecci\u00f3n de las aves y sus h\u00e1bitats, BirdLife Internacional, que ha declarado al Playerito Semipalmeado como un ave casi amenazada. Varias son las causas de su actual situaci\u00f3n; entre las amenazas directas se destaca la caza particularmente en el noreste de Suram\u00e9rica, la p\u00e9rdida y degradaci\u00f3n de h\u00e1bitat de esta especie a lo largo de su \u00e1rea de distribuci\u00f3n y la alteraci\u00f3n de h\u00e1bitat a lo largo de sus rutas migratorias, lo cual afecta a la alimentaci\u00f3n y refugio de esta ave.<\/p>\n<p style=\"text-align: justify;\">\nA esto se suma el cambio clim\u00e1tico, la contaminaci\u00f3n de agua y la urbanizaci\u00f3n costera.<\/p>\n<p style=\"text-align: justify;\">As\u00ed, el tama\u00f1o poblacional del Playerito Semipalmeado ha pasado de 3,5 millones de individuos en el 2006 a 2,2 millones asumiendo descensos anuales del 5%, en el 75% de la poblaci\u00f3n de Am\u00e9rica del Norte.<\/p>\n<p style=\"text-align: justify;\">\nBajo estos antecedentes, el Gobierno de Ecuador y el Gobierno de Paraguay proponen:<\/p>\n<p style=\"text-align: justify;\">\n&#8211; Determinar los impactos de la caza en el norte de Suram\u00e9rica, y si es necesario, mitigarlos o reducirlos<\/p>\n<p style=\"text-align: justify;\">\n&#8211; Conservaci\u00f3n y manejo efectivo de h\u00e1bitat natural en sus principales sitios de paso e invernada<\/p>\n<p style=\"text-align: justify;\">\n&#8211; Evaluar los impactos de la sobrepoblaci\u00f3n de gansos en su zona de reproducci\u00f3n<\/p>\n<p style=\"text-align: justify;\">\n&#8211; Evaluar los impactos de contaminantes en sus zonas de paso e invernada<\/p>\n<p style=\"text-align: justify;\"><strong>El Dato<\/strong><br \/>\nEn los Estados Unidos la especie est\u00e1 incluida en la lista de especies de preocupaci\u00f3n para la conservaci\u00f3n a nivel nacional y est\u00e1 considerada en la categor\u00eda \u201camarilla\u201d del Watchlist (lista de preocupaci\u00f3n)<\/p>\n<p style=\"text-align: justify;\">\nCalidris pusilla se encuentra en el Ap\u00e9ndice II de CMS dentro la familia Scolopacidae.<\/p>\n","protected":false},"excerpt":{"rendered":"<p class=\"excerpt\">Entre las propuestas que se expondr\u00e1n durante la XI Reuni\u00f3n de la Conferencia de las Partes de la Convenci\u00f3n sobre la Conservaci\u00f3n de las especies migratorias, se encuentra el Playerito Semipalmeado (Calidris pusilla) Ecuador y Paraguay han presentado una propuesta para que esta ave migratoria pueda ser incluida en el Ap\u00e9ndice I de la CMS, es decir, una especie en&hellip; <a href=\"https:\/\/www.ambienteyenergia.gob.ec\/ambiente\/playerito-semipalmeado-podria-ser-incluido-en-el-apendice-i-de-la-cms\/\">Read more &rarr;<\/a><\/p>\n","protected":false},"author":13,"featured_media":22987,"comment_status":"open","ping_status":"open","sticky":false,"template":"","format":"standard","meta":{"footnotes":""},"categories":[16,4],"tags":[559,108,53],"class_list":["post-22982","post","type-post","status-publish","format-standard","has-post-thumbnail","hentry","category-comunicamos","category-noticias","tag-cop11","tag-lorena-tapia","tag-mae","xfolkentry"],"_links":{"self":[{"href":"https:\/\/www.ambienteyenergia.gob.ec\/ambiente\/wp-json\/wp\/v2\/posts\/22982","targetHints":{"allow":["GET"]}}],"collection":[{"href":"https:\/\/www.ambienteyenergia.gob.ec\/ambiente\/wp-json\/wp\/v2\/posts"}],"about":[{"href":"https:\/\/www.ambienteyenergia.gob.ec\/ambiente\/wp-json\/wp\/v2\/types\/post"}],"author":[{"embeddable":true,"href":"https:\/\/www.ambienteyenergia.gob.ec\/ambiente\/wp-json\/wp\/v2\/users\/13"}],"replies":[{"embeddable":true,"href":"https:\/\/www.ambienteyenergia.gob.ec\/ambiente\/wp-json\/wp\/v2\/comments?post=22982"}],"version-history":[{"count":0,"href":"https:\/\/www.ambienteyenergia.gob.ec\/ambiente\/wp-json\/wp\/v2\/posts\/22982\/revisions"}],"wp:featuredmedia":[{"embeddable":true,"href":"https:\/\/www.ambienteyenergia.gob.ec\/ambiente\/wp-json\/wp\/v2\/media\/22987"}],"wp:attachment":[{"href":"https:\/\/www.ambienteyenergia.gob.ec\/ambiente\/wp-json\/wp\/v2\/media?parent=22982"}],"wp:term":[{"taxonomy":"category","embeddable":true,"href":"https:\/\/www.ambienteyenergia.gob.ec\/ambiente\/wp-json\/wp\/v2\/categories?post=22982"},{"taxonomy":"post_tag","embeddable":true,"href":"https:\/\/www.ambienteyenergia.gob.ec\/ambiente\/wp-json\/wp\/v2\/tags?post=22982"}],"curies":[{"name":"wp","href":"https:\/\/api.w.org\/{rel}","templated":true}]}}