{"id":22973,"date":"2014-10-23T10:17:11","date_gmt":"2014-10-23T15:17:11","guid":{"rendered":"http:\/\/www.ambiente.gob.ec\/?p=22973"},"modified":"2014-10-23T10:17:11","modified_gmt":"2014-10-23T15:17:11","slug":"mae-dicto-taller-sobre-restauracion-y-cuencas-hidrograficas","status":"publish","type":"post","link":"https:\/\/www.ambienteyenergia.gob.ec\/ambiente\/mae-dicto-taller-sobre-restauracion-y-cuencas-hidrograficas\/","title":{"rendered":"MAE dict\u00f3 taller sobre restauraci\u00f3n y cuencas hidrogr\u00e1ficas"},"content":{"rendered":"<p style=\"text-align: justify;\">Representantes de los Gobiernos Aut\u00f3nomos Descentralizados Rurales fueron capacitados por t\u00e9cnicos del Ministerio del Ambiente (MAE) sobre el \u201cPrograma Nacional de Reforestaci\u00f3n, Protecci\u00f3n de Cuencas H\u00eddricas y Beneficios Alternos con Fines de Conservaci\u00f3n Ambiental\u201d, un proyecto que busca consolidar un Ecuador Verde.<\/p>\n<p style=\"text-align: justify;\">La meta planteada por el MAE es restaurar la cobertura forestal del Ecuador con fines de conservaci\u00f3n y protecci\u00f3n de aproximadamente 100 mil hect\u00e1reas al cierre del 2014 y 500 mil hect\u00e1reas hasta el 2017.<\/p>\n<p style=\"text-align: justify;\">Uno de las acciones a realizarse es incrementar los servicios ecosist\u00e9maticos mediante la ejecuci\u00f3n de plantaciones de especies flor\u00edsticas nativas con material vegetativo proveniente de viveros o bosques naturales, en pr\u00e1cticas silviculturales y agrosilvopastoriles. Para la restauraci\u00f3n de ecosistemas se prev\u00e9 plantar un m\u00e1ximo de 400 \u00e1rboles por hect\u00e1rea.<\/p>\n<p style=\"text-align: justify;\">En este marco, \u00c1ngelo Traverso, Director Provincial del MAE, insto a los participantes a trabajar en la recuperaci\u00f3n, protecci\u00f3n y conservaci\u00f3n de bienes y servicios ambientales, el fortalecimiento de la inclusi\u00f3n social y el desarrollo territorial, lo que permitir\u00e1 afianzar un mecanismo de sostenibilidad institucional, social y ambiental.<\/p>\n<p style=\"text-align: justify;\">Un trabajo en beneficio al medio ambiente que cuenta adem\u00e1s con un incentivo; se trata de una transferencia econ\u00f3mica directa de car\u00e1cter no reembolsable que entrega el Estado a trav\u00e9s del Ministerio del Ambiente a personas naturales, GADs y adem\u00e1s a instituciones que de acuerdo a la Constituci\u00f3n de la Republica conforman la econom\u00eda popular y solidaria.<\/p>\n<p style=\"text-align: justify;\">En la actualidad el Programa Nacional de Incentivos Socio Bosque conserva cerca de 1\u2019227.000 hect\u00e1reas de bosques y p\u00e1ramos nativos en todo el pa\u00eds y se benefician cerca de 60 mil ciudadanos y ciudadanas en todo el pa\u00eds. Entre comunidades que son favorecidas con este incentivo est\u00e1n los Chachis, Cofanes, Kichwas, S\u00e1paros, Sionas, Waorani, Achuar, entre otras.<\/p>\n<p style=\"text-align: justify;\">De esta forma el Ministerio del Ambiente lleva decisiones y pol\u00edticas importantes en materia forestal que permiten consolidar un Ecuador Verde.<\/p>\n","protected":false},"excerpt":{"rendered":"<p class=\"excerpt\">Representantes de los Gobiernos Aut\u00f3nomos Descentralizados Rurales fueron capacitados por t\u00e9cnicos del Ministerio del Ambiente (MAE) sobre el \u201cPrograma Nacional de Reforestaci\u00f3n, Protecci\u00f3n de Cuencas H\u00eddricas y Beneficios Alternos con Fines de Conservaci\u00f3n Ambiental\u201d, un proyecto que busca consolidar un Ecuador Verde. La meta planteada por el MAE es restaurar la cobertura forestal del Ecuador con fines de conservaci\u00f3n y&hellip; <a href=\"https:\/\/www.ambienteyenergia.gob.ec\/ambiente\/mae-dicto-taller-sobre-restauracion-y-cuencas-hidrograficas\/\">Read more &rarr;<\/a><\/p>\n","protected":false},"author":13,"featured_media":22974,"comment_status":"open","ping_status":"open","sticky":false,"template":"","format":"standard","meta":{"footnotes":""},"categories":[16,4],"tags":[],"class_list":["post-22973","post","type-post","status-publish","format-standard","has-post-thumbnail","hentry","category-comunicamos","category-noticias","xfolkentry"],"_links":{"self":[{"href":"https:\/\/www.ambienteyenergia.gob.ec\/ambiente\/wp-json\/wp\/v2\/posts\/22973","targetHints":{"allow":["GET"]}}],"collection":[{"href":"https:\/\/www.ambienteyenergia.gob.ec\/ambiente\/wp-json\/wp\/v2\/posts"}],"about":[{"href":"https:\/\/www.ambienteyenergia.gob.ec\/ambiente\/wp-json\/wp\/v2\/types\/post"}],"author":[{"embeddable":true,"href":"https:\/\/www.ambienteyenergia.gob.ec\/ambiente\/wp-json\/wp\/v2\/users\/13"}],"replies":[{"embeddable":true,"href":"https:\/\/www.ambienteyenergia.gob.ec\/ambiente\/wp-json\/wp\/v2\/comments?post=22973"}],"version-history":[{"count":0,"href":"https:\/\/www.ambienteyenergia.gob.ec\/ambiente\/wp-json\/wp\/v2\/posts\/22973\/revisions"}],"wp:featuredmedia":[{"embeddable":true,"href":"https:\/\/www.ambienteyenergia.gob.ec\/ambiente\/wp-json\/wp\/v2\/media\/22974"}],"wp:attachment":[{"href":"https:\/\/www.ambienteyenergia.gob.ec\/ambiente\/wp-json\/wp\/v2\/media?parent=22973"}],"wp:term":[{"taxonomy":"category","embeddable":true,"href":"https:\/\/www.ambienteyenergia.gob.ec\/ambiente\/wp-json\/wp\/v2\/categories?post=22973"},{"taxonomy":"post_tag","embeddable":true,"href":"https:\/\/www.ambienteyenergia.gob.ec\/ambiente\/wp-json\/wp\/v2\/tags?post=22973"}],"curies":[{"name":"wp","href":"https:\/\/api.w.org\/{rel}","templated":true}]}}