{"id":22963,"date":"2014-10-22T15:06:00","date_gmt":"2014-10-22T20:06:00","guid":{"rendered":"http:\/\/www.ambiente.gob.ec\/?p=22963"},"modified":"2014-10-22T22:53:42","modified_gmt":"2014-10-23T03:53:42","slug":"ministerio-del-ambiente-presento-aula-de-educacion-ambiental-con-tecnologia-interactiva","status":"publish","type":"post","link":"https:\/\/www.ambienteyenergia.gob.ec\/ambiente\/ministerio-del-ambiente-presento-aula-de-educacion-ambiental-con-tecnologia-interactiva\/","title":{"rendered":"MAE present\u00f3 Aula Virtual Itinerante de Educaci\u00f3n Ambiental"},"content":{"rendered":"<p style=\"text-align: justify;\">Hoy el Ministerio del Ambiente (MAE) present\u00f3 el \u2018Aula Virtual Itinerante de Educaci\u00f3n Ambiental\u2019 con tecnolog\u00eda interactiva dirigida a padres de familia, j\u00f3venes y ni\u00f1os. El evento realizado en Guayaquil fue presidido por la Ministra del Ambiente, Lorena Tapia N\u00fa\u00f1ez.<\/p>\n<p style=\"text-align: justify;\">Con esta iniciativa el MAE busca difundir y socializar las acciones que realiza a trav\u00e9s de su Programa Nacional de Gesti\u00f3n Integral de Desechos S\u00f3lidos (PNGIDS), con una serie de eventos en cuatro ciudades del pa\u00eds y un aula m\u00f3vil de educaci\u00f3n ambiental itinerante.<\/p>\n<p style=\"text-align: justify;\">En esta aula m\u00f3vil se expondr\u00e1n temas sobre el manejo de residuos s\u00f3lidos en todas sus etapas, como: la generaci\u00f3n de desechos s\u00f3lidos, separaci\u00f3n en la fuente, recolecci\u00f3n, aprovechamiento, reciclaje y disposici\u00f3n final. Adem\u00e1s, se socializar\u00e1n las acciones que realiza esta Cartera de Estado, a trav\u00e9s del PNGIDS.<\/p>\n<p style=\"text-align: justify;\">Los mensajes se centrar\u00e1n en dos aspectos: la difusi\u00f3n de las pol\u00edticas que trabaja el PNGIDS-MAE y la corresponsabilidad de los ecuatorianos que indistintamente de su edad, condici\u00f3n social y econ\u00f3mica, son consumidores y generadores de residuos s\u00f3lidos.<\/p>\n<p style=\"text-align: justify;\">El \u2018Aula Virtual Itinerante de Educaci\u00f3n Ambiental\u2019 tendr\u00e1 el ingreso gratuito en un horario de 08:00 a 18:00 y las instituciones educativas interesadas en participar, deber\u00e1n inscribirse a trav\u00e9s de las redes sociales del evento Facebook MAE EDUCA, Twitter MAE Educa. Las fechas de la actividad son las siguientes:<\/p>\n<ul style=\"text-align: justify;\">\n<li>Guayaquil del 31 de octubre\u00a0 al 4 de noviembre<\/li>\n<li>Quevedo: del 9 al 11 de noviembre<\/li>\n<li>Cuenca: del 16 al 19 de noviembre<\/li>\n<\/ul>\n<p style=\"text-align: justify;\">Hay que resaltar que durante estas actividades no se consumir\u00e1 papel de ning\u00fan tipo, y la informaci\u00f3n se transmitir\u00e1 a trav\u00e9s de los sentidos, la tecnolog\u00eda y las redes sociales como v\u00ednculo post-experiencia. Gran parte de las actividades incluyen tecnolog\u00eda hologr\u00e1fica y en 3D, debido a que su innovaci\u00f3n y forma de comunicar son de alto impacto.<\/p>\n<p style=\"text-align: justify;\">Adicionalmente, se desarrollar\u00e1n otros tres eventos de socializaci\u00f3n ambiental en Guayaquil, Quevedo y Cuenca, dirigidos a los 221 Gobiernos Aut\u00f3nomos Descentralizados (GAD) Municipales, donde se expondr\u00e1n los resultados y productos generados por el PNGIDS-MAE.<\/p>\n<p style=\"text-align: justify;\">\u201cPor primera vez en el Ecuador se desarrollar\u00e1n eventos encaminados a\u00a0la generaci\u00f3n de una conciencia ciudadana ambientalmente responsable respecto al manejo de desechos s\u00f3lidos, aportando a la disminuci\u00f3n de los impactos negativos causados por el manejo incorrecto de estos desechos\u201d, se\u00f1al\u00f3 la Ministra.<\/p>\n","protected":false},"excerpt":{"rendered":"<p class=\"excerpt\">Hoy el Ministerio del Ambiente (MAE) present\u00f3 el \u2018Aula Virtual Itinerante de Educaci\u00f3n Ambiental\u2019 con tecnolog\u00eda interactiva dirigida a padres de familia, j\u00f3venes y ni\u00f1os. El evento realizado en Guayaquil fue presidido por la Ministra del Ambiente, Lorena Tapia N\u00fa\u00f1ez. Con esta iniciativa el MAE busca difundir y socializar las acciones que realiza a trav\u00e9s de su Programa Nacional de&hellip; <a href=\"https:\/\/www.ambienteyenergia.gob.ec\/ambiente\/ministerio-del-ambiente-presento-aula-de-educacion-ambiental-con-tecnologia-interactiva\/\">Read more &rarr;<\/a><\/p>\n","protected":false},"author":13,"featured_media":22967,"comment_status":"open","ping_status":"open","sticky":false,"template":"","format":"standard","meta":{"footnotes":""},"categories":[16,4],"tags":[],"class_list":["post-22963","post","type-post","status-publish","format-standard","has-post-thumbnail","hentry","category-comunicamos","category-noticias","xfolkentry"],"_links":{"self":[{"href":"https:\/\/www.ambienteyenergia.gob.ec\/ambiente\/wp-json\/wp\/v2\/posts\/22963","targetHints":{"allow":["GET"]}}],"collection":[{"href":"https:\/\/www.ambienteyenergia.gob.ec\/ambiente\/wp-json\/wp\/v2\/posts"}],"about":[{"href":"https:\/\/www.ambienteyenergia.gob.ec\/ambiente\/wp-json\/wp\/v2\/types\/post"}],"author":[{"embeddable":true,"href":"https:\/\/www.ambienteyenergia.gob.ec\/ambiente\/wp-json\/wp\/v2\/users\/13"}],"replies":[{"embeddable":true,"href":"https:\/\/www.ambienteyenergia.gob.ec\/ambiente\/wp-json\/wp\/v2\/comments?post=22963"}],"version-history":[{"count":0,"href":"https:\/\/www.ambienteyenergia.gob.ec\/ambiente\/wp-json\/wp\/v2\/posts\/22963\/revisions"}],"wp:featuredmedia":[{"embeddable":true,"href":"https:\/\/www.ambienteyenergia.gob.ec\/ambiente\/wp-json\/wp\/v2\/media\/22967"}],"wp:attachment":[{"href":"https:\/\/www.ambienteyenergia.gob.ec\/ambiente\/wp-json\/wp\/v2\/media?parent=22963"}],"wp:term":[{"taxonomy":"category","embeddable":true,"href":"https:\/\/www.ambienteyenergia.gob.ec\/ambiente\/wp-json\/wp\/v2\/categories?post=22963"},{"taxonomy":"post_tag","embeddable":true,"href":"https:\/\/www.ambienteyenergia.gob.ec\/ambiente\/wp-json\/wp\/v2\/tags?post=22963"}],"curies":[{"name":"wp","href":"https:\/\/api.w.org\/{rel}","templated":true}]}}