{"id":22943,"date":"2014-10-21T10:46:54","date_gmt":"2014-10-21T15:46:54","guid":{"rendered":"http:\/\/www.ambiente.gob.ec\/?p=22943"},"modified":"2014-10-21T22:56:39","modified_gmt":"2014-10-22T03:56:39","slug":"dia-mundial-del-ahorro-y-uso-eficiente-de-energia","status":"publish","type":"post","link":"https:\/\/www.ambienteyenergia.gob.ec\/ambiente\/dia-mundial-del-ahorro-y-uso-eficiente-de-energia\/","title":{"rendered":"D\u00eda mundial del ahorro y uso eficiente de energ\u00eda"},"content":{"rendered":"<p style=\"text-align: justify;\">Este 21 de Octubre, se conmemora el D\u00eda Mundial del Ahorro y Uso Eficiente de la Energ\u00eda, fecha en la que se pretende concienciar a la poblaci\u00f3n sobre el uso racional de energ\u00eda, utiliz\u00e1ndola de forma eficaz y promoviendo alternativas energ\u00e9ticas renovables.<\/p>\n<p style=\"text-align: justify;\">En ese sentido, el Ministerio del Ambiente del Ecuador (MAE), a trav\u00e9s de la Subsecretar\u00eda de Cambio Clim\u00e1tico, trabaja desde diferentes frentes como la promoci\u00f3n del uso racional de la energ\u00eda en el Ecuador; esto dentro del marco de transformaci\u00f3n de la matriz energ\u00e9tica del pa\u00eds, que busca establecer un equilibrio entre el crecimiento econ\u00f3mico y la conservaci\u00f3n del ambiente. Es por ese motivo, que la Organizaci\u00f3n de Naciones Unidas ha reconocido la gesti\u00f3n del Ecuador en cuanto al desarrollo de pol\u00edticas que promueven la eficiencia energ\u00e9tica, el fomento de pr\u00e1cticas y tecnolog\u00edas ambientalmente limpias.<\/p>\n<p style=\"text-align: justify;\">El Ecuador ha desarrollado un marco pol\u00edtico regulatorio para fomentar la reducci\u00f3n de emisiones por consumo de energ\u00eda. Mediante el Acuerdo Ministerial No. 089 expedido en septiembre del 2013, se estableci\u00f3 al Ministerio del Ambiente como Autoridad Nacional para Acciones Nacionales Apropiadas de Mitigaci\u00f3n (NAMA); esta normativa sent\u00f3 las bases para la construcci\u00f3n de tres acciones prioritarias para el sector energ\u00e9tico en el Ecuador: el proyecto Optimizaci\u00f3n de Generaci\u00f3n de Energ\u00eda El\u00e9ctrica (OGE &amp; EE), el Programa Cocci\u00f3n Eficiente, y el Desarrollo Hidroel\u00e9ctrico.<\/p>\n<p style=\"text-align: justify;\">El proyecto Optimizaci\u00f3n de Generaci\u00f3n de Energ\u00eda El\u00e9ctrica (OGE &amp; EE) tiene como objetivo la disminuci\u00f3n de emisiones de GEI al ambiente mediante el desplazamiento de diesel por gas asociado en la generaci\u00f3n de energ\u00eda el\u00e9ctrica; con ello se disminuye la quema de gas asociado en las chimeneas de producci\u00f3n petrolera en todo el Distrito Amaz\u00f3nico del Ecuador.<\/p>\n<p style=\"text-align: justify;\">El Programa Cocci\u00f3n Eficiente tiene previsto el reemplazo de cocinas que usan gas licuado de petr\u00f3leo, por cocinas de inducci\u00f3n hasta el 2017. La meta es reemplazar 3 millones de cocinas de gas que emiten un promedio de 2,8 millones de toneladas de CO2 que lo que reducir\u00e1 al menos 42 millones de toneladas de CO2.<\/p>\n<p style=\"text-align: justify;\">Adem\u00e1s, la reducci\u00f3n de emisiones por implementaci\u00f3n de proyectos hidroel\u00e9ctricos y gesti\u00f3n de cuencas hidrogr\u00e1ficas tienen gran influencia en las emisiones de GEI del Ecuador. Las hidroel\u00e9ctricas m\u00e1s importantes del pa\u00eds pueden contribuir con una reducci\u00f3n de emisiones de aproximadamente 95 millones de toneladas en 15 a\u00f1os. Estos proyectos garantizar\u00e1n la provisi\u00f3n de el\u00e9ctrica para todos los sectores de la econom\u00eda y la poblaci\u00f3n.<\/p>\n<p style=\"text-align: justify;\">Por otro lado, el Ministerio del Ambiente con el fin de incentivar a las instituciones p\u00fablicas y privadas a implementar los principios y estrategias de consumo responsable suscribi\u00f3 el Acuerdo Ministerial 131, el cual realiza una evaluaci\u00f3n comparativa de indicadores de por lo menos dos a\u00f1os de gesti\u00f3n, en los ejes tem\u00e1ticos de ahorro y uso eficiente de agua, energ\u00eda, transporte y papel, gesti\u00f3n de residuos, compras p\u00fablicas responsables y capacitaci\u00f3n a personal. Una vez que se verifica el cumplimiento de estos requerimientos, el MAE entrega el reconocimiento.<\/p>\n<p style=\"text-align: justify;\">De esta forma el Gobierno Ecuatoriano garantiza el control y la mejora en la energ\u00eda, a trav\u00e9s procesos de producci\u00f3n m\u00e1s limpios; el compromiso de esta cartera de Estado es educar a la poblaci\u00f3n generando un cambio de actitud sobre la importancia de cuidar este recurso.<\/p>\n<p><a href=\"http:\/\/www.ambienteyenergia.gob.ec\/ambiente\/wp-content\/uploads\/2014\/10\/Dia-del-Ahorro.jpg\"><img loading=\"lazy\" decoding=\"async\" class=\"aligncenter size-full wp-image-22946\" src=\"http:\/\/www.ambienteyenergia.gob.ec\/ambiente\/wp-content\/uploads\/2014\/10\/Dia-del-Ahorro.jpg\" alt=\"Dia del Ahorro\" width=\"843\" height=\"403\" srcset=\"https:\/\/www.ambienteyenergia.gob.ec\/ambiente\/wp-content\/uploads\/sites\/2\/2014\/10\/Dia-del-Ahorro.jpg 843w, https:\/\/www.ambienteyenergia.gob.ec\/ambiente\/wp-content\/uploads\/sites\/2\/2014\/10\/Dia-del-Ahorro-300x143.jpg 300w, https:\/\/www.ambienteyenergia.gob.ec\/ambiente\/wp-content\/uploads\/sites\/2\/2014\/10\/Dia-del-Ahorro-500x239.jpg 500w\" sizes=\"auto, (max-width: 843px) 100vw, 843px\" \/><\/a><\/p>\n","protected":false},"excerpt":{"rendered":"<p class=\"excerpt\">Este 21 de Octubre, se conmemora el D\u00eda Mundial del Ahorro y Uso Eficiente de la Energ\u00eda, fecha en la que se pretende concienciar a la poblaci\u00f3n sobre el uso racional de energ\u00eda, utiliz\u00e1ndola de forma eficaz y promoviendo alternativas energ\u00e9ticas renovables. En ese sentido, el Ministerio del Ambiente del Ecuador (MAE), a trav\u00e9s de la Subsecretar\u00eda de Cambio Clim\u00e1tico,&hellip; <a href=\"https:\/\/www.ambienteyenergia.gob.ec\/ambiente\/dia-mundial-del-ahorro-y-uso-eficiente-de-energia\/\">Read more &rarr;<\/a><\/p>\n","protected":false},"author":13,"featured_media":22934,"comment_status":"open","ping_status":"open","sticky":false,"template":"","format":"standard","meta":{"footnotes":""},"categories":[16,4],"tags":[],"class_list":["post-22943","post","type-post","status-publish","format-standard","has-post-thumbnail","hentry","category-comunicamos","category-noticias","xfolkentry"],"_links":{"self":[{"href":"https:\/\/www.ambienteyenergia.gob.ec\/ambiente\/wp-json\/wp\/v2\/posts\/22943","targetHints":{"allow":["GET"]}}],"collection":[{"href":"https:\/\/www.ambienteyenergia.gob.ec\/ambiente\/wp-json\/wp\/v2\/posts"}],"about":[{"href":"https:\/\/www.ambienteyenergia.gob.ec\/ambiente\/wp-json\/wp\/v2\/types\/post"}],"author":[{"embeddable":true,"href":"https:\/\/www.ambienteyenergia.gob.ec\/ambiente\/wp-json\/wp\/v2\/users\/13"}],"replies":[{"embeddable":true,"href":"https:\/\/www.ambienteyenergia.gob.ec\/ambiente\/wp-json\/wp\/v2\/comments?post=22943"}],"version-history":[{"count":0,"href":"https:\/\/www.ambienteyenergia.gob.ec\/ambiente\/wp-json\/wp\/v2\/posts\/22943\/revisions"}],"wp:featuredmedia":[{"embeddable":true,"href":"https:\/\/www.ambienteyenergia.gob.ec\/ambiente\/wp-json\/wp\/v2\/media\/22934"}],"wp:attachment":[{"href":"https:\/\/www.ambienteyenergia.gob.ec\/ambiente\/wp-json\/wp\/v2\/media?parent=22943"}],"wp:term":[{"taxonomy":"category","embeddable":true,"href":"https:\/\/www.ambienteyenergia.gob.ec\/ambiente\/wp-json\/wp\/v2\/categories?post=22943"},{"taxonomy":"post_tag","embeddable":true,"href":"https:\/\/www.ambienteyenergia.gob.ec\/ambiente\/wp-json\/wp\/v2\/tags?post=22943"}],"curies":[{"name":"wp","href":"https:\/\/api.w.org\/{rel}","templated":true}]}}