{"id":22939,"date":"2014-10-21T16:58:30","date_gmt":"2014-10-21T21:58:30","guid":{"rendered":"http:\/\/www.ambiente.gob.ec\/?p=22939"},"modified":"2014-10-21T16:58:30","modified_gmt":"2014-10-21T21:58:30","slug":"se-realizo-en-quito-el-taller-recopilacion-analisis-y-uso-de-informacion-social-y-ambiental","status":"publish","type":"post","link":"https:\/\/www.ambienteyenergia.gob.ec\/ambiente\/se-realizo-en-quito-el-taller-recopilacion-analisis-y-uso-de-informacion-social-y-ambiental\/","title":{"rendered":"Se realiz\u00f3 en Quito el taller \u201cRecopilaci\u00f3n, An\u00e1lisis y Uso de Informaci\u00f3n Social y Ambiental\u201d"},"content":{"rendered":"<p style=\"text-align: justify;\">El Ministerio del Ambiente (MAE), con el apoyo del Programa Nacional Conjunto ONU-REDD Ecuador, realiz\u00f3 en Quito el taller \u201cRecopilaci\u00f3n, An\u00e1lisis y Uso de Informaci\u00f3n Social y Ambiental\u201d con el fin contribuir al dise\u00f1o del Sistema de Informaci\u00f3n de Salvaguardas de REDD+ (SIS), que lidera la Subsecretar\u00eda de Cambio Clim\u00e1tico, as\u00ed como fortalecer las capacidades de los participantes en el manejo de informaci\u00f3n social y ambiental.<\/p>\n<p>Para este taller se establecieron objetivos como: compartir experiencias y conocimientos sobre metodolog\u00edas, herramientas y posibles usos de informaci\u00f3n social y ambiental, con \u00e9nfasis en los aprendizajes pr\u00e1cticos obtenidos en el pa\u00eds;\u00a0 generar recomendaciones para un manejo eficiente de la informaci\u00f3n; y, promover v\u00ednculos entre sistema de informaci\u00f3n ambiental y socio-ambiental dentro del MAE as\u00ed como posibles fuentes de informaci\u00f3n para el reporte de las salvaguardas para REDD+.<\/p>\n<p>El MAE abri\u00f3 el bloque de presentaciones con una introducci\u00f3n en la que explic\u00f3 los antecedentes y contexto de REDD+ en Ecuador.\u00a0\u00a0 Asimismo, enfatiz\u00f3 la importancia para el pa\u00eds de contar con una estrategia REDD+ para la definici\u00f3n de actividades que contribuyan a la reducci\u00f3n de las causas de deforestaci\u00f3n, y apoyar en la canalizaci\u00f3n de recursos financieros para las mismas, adem\u00e1s para identificar los niveles y fuentes de informaci\u00f3n necesarios para el Sistema de Informaci\u00f3n de Salvaguardas.<\/p>\n<p>Hubo otras intervenciones de representantes del PNC ONUREDD Ecuador, MAE, FAO Global y otras instituciones invitadas respecto de los avances del Ecuador sobre el Sistema de Informaci\u00f3n de Salvaguardas, sistemas o procesos de gesti\u00f3n de informaci\u00f3n socio ambiental as\u00ed como recomendaciones metodol\u00f3gicas para este tipo de sistemas y procesos.<\/p>\n<p>Es importante recordar que el MAE se encuentra dise\u00f1ando su Sistema de Informaci\u00f3n de Salvaguardas (SIS), el cual busca proporcionar informaci\u00f3n sobre c\u00f3mo est\u00e1n siendo abordadas y respetadas las siete salvaguardas acordadas bajo la Convenci\u00f3n Marco de las Naciones Unidas sobre Cambio Clim\u00e1tico en la implementaci\u00f3n de REDD+, con el apoyo t\u00e9cnico del Programa Nacional Conjunto ONU-REDD Ecuador (PNC ONU-REDD) y Conservaci\u00f3n Internacional &#8211; Ecuador, mediante el\u00a0 trabajo conjunto llevado a cabo a trav\u00e9s del Equipo Facilitador de Salvaguardas, conformado por estas tres entidades.<\/p>\n<p>Para mayor informaci\u00f3n usted se puede comunicar con:\u00a0 Mar\u00eda del Carmen Garc\u00eda (maria.garcia@ambiente.gob.ec) o Victoria Su\u00e1rez (vsuarez@pnc-onureddecuador.org).<\/p>\n","protected":false},"excerpt":{"rendered":"<p class=\"excerpt\">El Ministerio del Ambiente (MAE), con el apoyo del Programa Nacional Conjunto ONU-REDD Ecuador, realiz\u00f3 en Quito el taller \u201cRecopilaci\u00f3n, An\u00e1lisis y Uso de Informaci\u00f3n Social y Ambiental\u201d con el fin contribuir al dise\u00f1o del Sistema de Informaci\u00f3n de Salvaguardas de REDD+ (SIS), que lidera la Subsecretar\u00eda de Cambio Clim\u00e1tico, as\u00ed como fortalecer las capacidades de los participantes en el&hellip; <a href=\"https:\/\/www.ambienteyenergia.gob.ec\/ambiente\/se-realizo-en-quito-el-taller-recopilacion-analisis-y-uso-de-informacion-social-y-ambiental\/\">Read more &rarr;<\/a><\/p>\n","protected":false},"author":13,"featured_media":22940,"comment_status":"open","ping_status":"open","sticky":false,"template":"","format":"standard","meta":{"footnotes":""},"categories":[16,4],"tags":[],"class_list":["post-22939","post","type-post","status-publish","format-standard","has-post-thumbnail","hentry","category-comunicamos","category-noticias","xfolkentry"],"_links":{"self":[{"href":"https:\/\/www.ambienteyenergia.gob.ec\/ambiente\/wp-json\/wp\/v2\/posts\/22939","targetHints":{"allow":["GET"]}}],"collection":[{"href":"https:\/\/www.ambienteyenergia.gob.ec\/ambiente\/wp-json\/wp\/v2\/posts"}],"about":[{"href":"https:\/\/www.ambienteyenergia.gob.ec\/ambiente\/wp-json\/wp\/v2\/types\/post"}],"author":[{"embeddable":true,"href":"https:\/\/www.ambienteyenergia.gob.ec\/ambiente\/wp-json\/wp\/v2\/users\/13"}],"replies":[{"embeddable":true,"href":"https:\/\/www.ambienteyenergia.gob.ec\/ambiente\/wp-json\/wp\/v2\/comments?post=22939"}],"version-history":[{"count":0,"href":"https:\/\/www.ambienteyenergia.gob.ec\/ambiente\/wp-json\/wp\/v2\/posts\/22939\/revisions"}],"wp:featuredmedia":[{"embeddable":true,"href":"https:\/\/www.ambienteyenergia.gob.ec\/ambiente\/wp-json\/wp\/v2\/media\/22940"}],"wp:attachment":[{"href":"https:\/\/www.ambienteyenergia.gob.ec\/ambiente\/wp-json\/wp\/v2\/media?parent=22939"}],"wp:term":[{"taxonomy":"category","embeddable":true,"href":"https:\/\/www.ambienteyenergia.gob.ec\/ambiente\/wp-json\/wp\/v2\/categories?post=22939"},{"taxonomy":"post_tag","embeddable":true,"href":"https:\/\/www.ambienteyenergia.gob.ec\/ambiente\/wp-json\/wp\/v2\/tags?post=22939"}],"curies":[{"name":"wp","href":"https:\/\/api.w.org\/{rel}","templated":true}]}}