{"id":22936,"date":"2014-10-17T15:18:21","date_gmt":"2014-10-17T20:18:21","guid":{"rendered":"http:\/\/www.ambiente.gob.ec\/?p=22936"},"modified":"2014-10-21T15:20:20","modified_gmt":"2014-10-21T20:20:20","slug":"mae-realizo-la-xi-mesa-de-trabajo-redd","status":"publish","type":"post","link":"https:\/\/www.ambienteyenergia.gob.ec\/ambiente\/mae-realizo-la-xi-mesa-de-trabajo-redd\/","title":{"rendered":"MAE realiz\u00f3 la XI Mesa de Trabajo REDD+"},"content":{"rendered":"<p style=\"text-align: justify;\">Ayer, el Ministerio del Ambiente (MAE), a trav\u00e9s de la Subsecretar\u00eda de Cambio Clim\u00e1tico y con el apoyo t\u00e9cnico del Programa Nacional Conjunto ONU-REDD, realiz\u00f3 la XI Reuni\u00f3n Ordinaria de la Mesa de Trabajo REDD+ (MdT), en Quito.<\/p>\n<p style=\"text-align: justify;\">\nLos temas acordados previamente en la X Reuni\u00f3n Ordinaria de la Mesa de Trabajo, efectuada el pasado mes de septiembre, para esta reuni\u00f3n ordinaria fueron:<\/p>\n<p style=\"text-align: justify;\">\n<ul style=\"text-align: justify;\">\n<li>Informar sobre el arranque del proceso de evaluaci\u00f3n de la Mesa de Trabajo REDD+ y sobre la propuesta de participaci\u00f3n para el Programa Nacional REDD+ (PNREDD+).<\/li>\n<\/ul>\n<ul style=\"text-align: justify;\">\n<li>Informar sobre los avances de la potencial cooperaci\u00f3n financiera con Noruega y Alemania para REDD+.<\/li>\n<\/ul>\n<ul style=\"text-align: justify;\">\n<li>Socializar la posici\u00f3n del pa\u00eds en relaci\u00f3n a la Conferencia de las Partes COP20, que se realizar\u00e1 en Lima en el mes de diciembre.<\/li>\n<\/ul>\n<p style=\"text-align: justify;\">\nAdicionalmente, los miembros de la MdT trataron sobre su postura en relaci\u00f3n a la pr\u00f3xima reuni\u00f3n del Comit\u00e9 Directivo del Programa Nacional Conjunto ONUREDD, as\u00ed como la identificaci\u00f3n de mensajes claves a ser incluidos en el informe anual del Programa Nacional Conjunto ONU-REDD por parte de la MdT REDD+.<\/p>\n<p style=\"text-align: justify;\">\nAdem\u00e1s, se prev\u00e9 iniciar el trabajo con el consultor contratado para la evaluaci\u00f3n de la MdT, y de ser oportuno, discutir la visi\u00f3n de la Mesa sobre la fase de implementaci\u00f3n del Programa Nacional REDD+.<\/p>\n<p style=\"text-align: justify;\">\nPara mayor informaci\u00f3n usted se puede comunicar con Mar\u00eda del Carmen Garc\u00eda (maria.garcia@ambiente.gob.ec) o con Bel\u00e9n Cordovez (mbcordovez@yahoo.com).<\/p>\n","protected":false},"excerpt":{"rendered":"<p class=\"excerpt\">Ayer, el Ministerio del Ambiente (MAE), a trav\u00e9s de la Subsecretar\u00eda de Cambio Clim\u00e1tico y con el apoyo t\u00e9cnico del Programa Nacional Conjunto ONU-REDD, realiz\u00f3 la XI Reuni\u00f3n Ordinaria de la Mesa de Trabajo REDD+ (MdT), en Quito. Los temas acordados previamente en la X Reuni\u00f3n Ordinaria de la Mesa de Trabajo, efectuada el pasado mes de septiembre, para esta&hellip; <a href=\"https:\/\/www.ambienteyenergia.gob.ec\/ambiente\/mae-realizo-la-xi-mesa-de-trabajo-redd\/\">Read more &rarr;<\/a><\/p>\n","protected":false},"author":13,"featured_media":22937,"comment_status":"open","ping_status":"open","sticky":false,"template":"","format":"standard","meta":{"footnotes":""},"categories":[16,4],"tags":[],"class_list":["post-22936","post","type-post","status-publish","format-standard","has-post-thumbnail","hentry","category-comunicamos","category-noticias","xfolkentry"],"_links":{"self":[{"href":"https:\/\/www.ambienteyenergia.gob.ec\/ambiente\/wp-json\/wp\/v2\/posts\/22936","targetHints":{"allow":["GET"]}}],"collection":[{"href":"https:\/\/www.ambienteyenergia.gob.ec\/ambiente\/wp-json\/wp\/v2\/posts"}],"about":[{"href":"https:\/\/www.ambienteyenergia.gob.ec\/ambiente\/wp-json\/wp\/v2\/types\/post"}],"author":[{"embeddable":true,"href":"https:\/\/www.ambienteyenergia.gob.ec\/ambiente\/wp-json\/wp\/v2\/users\/13"}],"replies":[{"embeddable":true,"href":"https:\/\/www.ambienteyenergia.gob.ec\/ambiente\/wp-json\/wp\/v2\/comments?post=22936"}],"version-history":[{"count":0,"href":"https:\/\/www.ambienteyenergia.gob.ec\/ambiente\/wp-json\/wp\/v2\/posts\/22936\/revisions"}],"wp:featuredmedia":[{"embeddable":true,"href":"https:\/\/www.ambienteyenergia.gob.ec\/ambiente\/wp-json\/wp\/v2\/media\/22937"}],"wp:attachment":[{"href":"https:\/\/www.ambienteyenergia.gob.ec\/ambiente\/wp-json\/wp\/v2\/media?parent=22936"}],"wp:term":[{"taxonomy":"category","embeddable":true,"href":"https:\/\/www.ambienteyenergia.gob.ec\/ambiente\/wp-json\/wp\/v2\/categories?post=22936"},{"taxonomy":"post_tag","embeddable":true,"href":"https:\/\/www.ambienteyenergia.gob.ec\/ambiente\/wp-json\/wp\/v2\/tags?post=22936"}],"curies":[{"name":"wp","href":"https:\/\/api.w.org\/{rel}","templated":true}]}}