{"id":22933,"date":"2014-10-21T13:47:12","date_gmt":"2014-10-21T18:47:12","guid":{"rendered":"http:\/\/www.ambiente.gob.ec\/?p=22933"},"modified":"2014-10-22T09:11:46","modified_gmt":"2014-10-22T14:11:46","slug":"el-mae-impulsa-la-eficiencia-energetica-en-el-ecuador","status":"publish","type":"post","link":"https:\/\/www.ambienteyenergia.gob.ec\/ambiente\/el-mae-impulsa-la-eficiencia-energetica-en-el-ecuador\/","title":{"rendered":"MAE conmemora D\u00eda Mundial del Ahorro de Energ\u00eda con la campa\u00f1a \u00abApaga los Malos H\u00e1bitos y Prende tu Conciencia\u00bb"},"content":{"rendered":"<p style=\"text-align: justify;\">El Ministerio del Ambiente a trav\u00e9s de la Subsecretar\u00eda de Cambio Clim\u00e1tico dirige la campa\u00f1a \u00abApaga los Malos H\u00e1bitos, y Prende tu Conciencia\u00bb con la finalidad de conmemorar el D\u00eda Mundial del Ahorro de Energ\u00eda, que se celebra este 21 de octubre. La campa\u00f1a digital tiene como objetivo el informar y concientizar sobre la importancia del ahorro de energ\u00eda en la poblaci\u00f3n.<\/p>\n<p style=\"text-align: justify;\">La iniciativa arranc\u00f3 el jueves anterior, con la difusi\u00f3n de mensajes ilustrativos a trav\u00e9s de las cuentas oficiales de Facebook y Twitter del MAE, para representar las emisiones de carbono generadas por consecuencia del consumo energ\u00e9tico desde los diferentes h\u00e1bitos de consumo, y ofrecer a la ciudadan\u00eda consejos pr\u00e1cticos para el uso eficiente y ahorro de energ\u00eda.<\/p>\n<p style=\"text-align: justify;\">Durante la semana del 15 al 19 de septiembre, el MAE organiz\u00f3 visitas a cinco escuelas de la ciudad de Quito, y organiz\u00f3 actividades l\u00fadico-cognitivas con apoyo de la Corporaci\u00f3n Clown Humor y Vida con el fin de informar la importancia del ahorro del recurso energ\u00e9tico en nuestras escuelas y hogares. En ese contexto, fueron entregadas un total de 806 Gu\u00edas Pr\u00e1cticas para el Ahorro y Uso Eficiente de Energ\u00eda a los alumnos y profesores para reducir el impacto del cambio clim\u00e1tico y proteger el ambiente.<\/p>\n<p style=\"text-align: justify;\">Hoy, el MAE invita a la ciudadan\u00eda a participar en la campa\u00f1a digital y sumarse a los esfuerzos por promover el consumo responsable y eficiente de energ\u00eda, en protecci\u00f3n de nuestro ambiente.<\/p>\n","protected":false},"excerpt":{"rendered":"<p class=\"excerpt\">El Ministerio del Ambiente a trav\u00e9s de la Subsecretar\u00eda de Cambio Clim\u00e1tico dirige la campa\u00f1a \u00abApaga los Malos H\u00e1bitos, y Prende tu Conciencia\u00bb con la finalidad de conmemorar el D\u00eda Mundial del Ahorro de Energ\u00eda, que se celebra este 21 de octubre. La campa\u00f1a digital tiene como objetivo el informar y concientizar sobre la importancia del ahorro de energ\u00eda en&hellip; <a href=\"https:\/\/www.ambienteyenergia.gob.ec\/ambiente\/el-mae-impulsa-la-eficiencia-energetica-en-el-ecuador\/\">Read more &rarr;<\/a><\/p>\n","protected":false},"author":13,"featured_media":22950,"comment_status":"open","ping_status":"open","sticky":false,"template":"","format":"standard","meta":{"footnotes":""},"categories":[16,4],"tags":[],"class_list":["post-22933","post","type-post","status-publish","format-standard","has-post-thumbnail","hentry","category-comunicamos","category-noticias","xfolkentry"],"_links":{"self":[{"href":"https:\/\/www.ambienteyenergia.gob.ec\/ambiente\/wp-json\/wp\/v2\/posts\/22933","targetHints":{"allow":["GET"]}}],"collection":[{"href":"https:\/\/www.ambienteyenergia.gob.ec\/ambiente\/wp-json\/wp\/v2\/posts"}],"about":[{"href":"https:\/\/www.ambienteyenergia.gob.ec\/ambiente\/wp-json\/wp\/v2\/types\/post"}],"author":[{"embeddable":true,"href":"https:\/\/www.ambienteyenergia.gob.ec\/ambiente\/wp-json\/wp\/v2\/users\/13"}],"replies":[{"embeddable":true,"href":"https:\/\/www.ambienteyenergia.gob.ec\/ambiente\/wp-json\/wp\/v2\/comments?post=22933"}],"version-history":[{"count":0,"href":"https:\/\/www.ambienteyenergia.gob.ec\/ambiente\/wp-json\/wp\/v2\/posts\/22933\/revisions"}],"wp:featuredmedia":[{"embeddable":true,"href":"https:\/\/www.ambienteyenergia.gob.ec\/ambiente\/wp-json\/wp\/v2\/media\/22950"}],"wp:attachment":[{"href":"https:\/\/www.ambienteyenergia.gob.ec\/ambiente\/wp-json\/wp\/v2\/media?parent=22933"}],"wp:term":[{"taxonomy":"category","embeddable":true,"href":"https:\/\/www.ambienteyenergia.gob.ec\/ambiente\/wp-json\/wp\/v2\/categories?post=22933"},{"taxonomy":"post_tag","embeddable":true,"href":"https:\/\/www.ambienteyenergia.gob.ec\/ambiente\/wp-json\/wp\/v2\/tags?post=22933"}],"curies":[{"name":"wp","href":"https:\/\/api.w.org\/{rel}","templated":true}]}}