{"id":22930,"date":"2014-10-21T12:55:00","date_gmt":"2014-10-21T17:55:00","guid":{"rendered":"http:\/\/www.ambiente.gob.ec\/?p=22930"},"modified":"2014-10-21T12:55:01","modified_gmt":"2014-10-21T17:55:01","slug":"350-plantas-se-siembran-en-la-comunidad-de-pinan-imbabura","status":"publish","type":"post","link":"https:\/\/www.ambienteyenergia.gob.ec\/ambiente\/350-plantas-se-siembran-en-la-comunidad-de-pinan-imbabura\/","title":{"rendered":"350 plantas se siembran en la Comunidad de Pi\u00f1an-Imbabura"},"content":{"rendered":"<p style=\"text-align: justify;\">El pasado s\u00e1bado 18 de octubre, hombres y mujeres de la comunidad de Pi\u00f1an se unieron a la gran labor del Ministerio del Ambiente (MAE), para conservar las \u00e1reas verdes del pa\u00eds.<\/p>\n<p style=\"text-align: justify;\">\nAs\u00ed, se plantaron alrededor de 350 plantas nativas de la especie Yagual; un \u00e1rbol de la familia de las ros\u00e1ceas que puede llegar a medir hasta 12 metros de altura y su tronco un metro de di\u00e1metro. El Yagual es t\u00edpico de las zonas altas ya que se adapta a lugares muy fr\u00edos, esta es una especie de crecimiento r\u00e1pido y conforma los llamados bosques de p\u00e1ramo.<\/p>\n<p style=\"text-align: justify;\">\nEn algunos lugares el Yagual corre peligro de extinci\u00f3n por ser la \u00fanica fuente de madera y le\u00f1a; sus ejemplares son conocidos como \u201c\u00e1rbol de papel\u201d y hoy en d\u00eda, quedan pocos de estos bosques. Por ello, son considerados como uno de los ecosistemas boscosos m\u00e1s vulnerables del mundo.<\/p>\n<p style=\"text-align: justify;\">\nLa Direcci\u00f3n Provincial del Ambiente de Imbabura y los t\u00e9cnicos de la Reserva Ecol\u00f3gica Cotacachi Cayapas del Distrito Pi\u00f1\u00e1n, conjuntamente con los habitantes de la Comunidad de Pi\u00f1an, ejecutaron esta minga de forestaci\u00f3n en las cercas y senderos del lugar, desde el puente colgante hasta el albergue de la comunidad.<\/p>\n<p style=\"text-align: justify;\">\nEl plan no solo engloba la siembra de plantas, sino tambi\u00e9n la ense\u00f1anza de buenas pr\u00e1cticas ambientales, con el fin de incentivar acciones a favor del cuidado del medio ambiente.<\/p>\n","protected":false},"excerpt":{"rendered":"<p class=\"excerpt\">El pasado s\u00e1bado 18 de octubre, hombres y mujeres de la comunidad de Pi\u00f1an se unieron a la gran labor del Ministerio del Ambiente (MAE), para conservar las \u00e1reas verdes del pa\u00eds. As\u00ed, se plantaron alrededor de 350 plantas nativas de la especie Yagual; un \u00e1rbol de la familia de las ros\u00e1ceas que puede llegar a medir hasta 12 metros&hellip; <a href=\"https:\/\/www.ambienteyenergia.gob.ec\/ambiente\/350-plantas-se-siembran-en-la-comunidad-de-pinan-imbabura\/\">Read more &rarr;<\/a><\/p>\n","protected":false},"author":13,"featured_media":22931,"comment_status":"open","ping_status":"open","sticky":false,"template":"","format":"standard","meta":{"footnotes":""},"categories":[16,4],"tags":[],"class_list":["post-22930","post","type-post","status-publish","format-standard","has-post-thumbnail","hentry","category-comunicamos","category-noticias","xfolkentry"],"_links":{"self":[{"href":"https:\/\/www.ambienteyenergia.gob.ec\/ambiente\/wp-json\/wp\/v2\/posts\/22930","targetHints":{"allow":["GET"]}}],"collection":[{"href":"https:\/\/www.ambienteyenergia.gob.ec\/ambiente\/wp-json\/wp\/v2\/posts"}],"about":[{"href":"https:\/\/www.ambienteyenergia.gob.ec\/ambiente\/wp-json\/wp\/v2\/types\/post"}],"author":[{"embeddable":true,"href":"https:\/\/www.ambienteyenergia.gob.ec\/ambiente\/wp-json\/wp\/v2\/users\/13"}],"replies":[{"embeddable":true,"href":"https:\/\/www.ambienteyenergia.gob.ec\/ambiente\/wp-json\/wp\/v2\/comments?post=22930"}],"version-history":[{"count":0,"href":"https:\/\/www.ambienteyenergia.gob.ec\/ambiente\/wp-json\/wp\/v2\/posts\/22930\/revisions"}],"wp:featuredmedia":[{"embeddable":true,"href":"https:\/\/www.ambienteyenergia.gob.ec\/ambiente\/wp-json\/wp\/v2\/media\/22931"}],"wp:attachment":[{"href":"https:\/\/www.ambienteyenergia.gob.ec\/ambiente\/wp-json\/wp\/v2\/media?parent=22930"}],"wp:term":[{"taxonomy":"category","embeddable":true,"href":"https:\/\/www.ambienteyenergia.gob.ec\/ambiente\/wp-json\/wp\/v2\/categories?post=22930"},{"taxonomy":"post_tag","embeddable":true,"href":"https:\/\/www.ambienteyenergia.gob.ec\/ambiente\/wp-json\/wp\/v2\/tags?post=22930"}],"curies":[{"name":"wp","href":"https:\/\/api.w.org\/{rel}","templated":true}]}}