{"id":22927,"date":"2014-10-21T12:51:30","date_gmt":"2014-10-21T17:51:30","guid":{"rendered":"http:\/\/www.ambiente.gob.ec\/?p=22927"},"modified":"2014-10-21T12:51:30","modified_gmt":"2014-10-21T17:51:30","slug":"mae-realiza-taller-sobre-restauracion-forestal-en-imbabura","status":"publish","type":"post","link":"https:\/\/www.ambienteyenergia.gob.ec\/ambiente\/mae-realiza-taller-sobre-restauracion-forestal-en-imbabura\/","title":{"rendered":"MAE realiza Taller sobre Restauraci\u00f3n Forestal en Imbabura"},"content":{"rendered":"<p style=\"text-align: justify;\">El pasado 16 de octubre, el Ministerio del Ambiente (MAE) a trav\u00e9s la Direcci\u00f3n Provincial de Imbabura,\u00a0 llev\u00f3 a cabo el taller de Socializaci\u00f3n del Manual Operativo del Plan Nacional de Restauraci\u00f3n Forestal (PNRF) donde se dio a conocer la reforma al Acuerdo 315, en el que se contempla la inclusi\u00f3n de los Gobiernos Aut\u00f3nomos Descentralizados Municipales para que participen con proyectos de Restauraci\u00f3n Forestal.<\/p>\n<p style=\"text-align: justify;\">\nEn este encuentro particip\u00f3 el Coordinador de la Zona 1 del PNRF, representantes del Gobierno Provincial, representantes de los GAD Municipales y nueve GAD Parroquiales de Imbabura; abordando temas como la importancia de restaurar el ecosistema y el paisaje natural, lineamientos generales del Plan Nacional de Restauraci\u00f3n, obligaciones, control y seguimiento de los convenios de ejecuci\u00f3n, causas de terminaci\u00f3n de los convenios y soluci\u00f3n a controversias.<\/p>\n<p style=\"text-align: justify;\">\nAdem\u00e1s, se socializ\u00f3 el objetivo de conformar el Comit\u00e9 de Gesti\u00f3n Provincial de Restauraci\u00f3n en Imbabura, sus funciones y quienes lo conformar\u00e1n. La idea es que esta Cartera de Estado trabaje en conjunto con los GAD para desarrollar actividades enfocadas a la conservaci\u00f3n ambiental mediante la generaci\u00f3n de apoyo y colaboraci\u00f3n t\u00e9cnica para la socializaci\u00f3n y ejecuci\u00f3n de reforestaci\u00f3n y restauraci\u00f3n forestal.<\/p>\n<p style=\"text-align: justify;\">\nEl pr\u00f3ximo encuentro se realizar\u00e1 el 27 de octubre en las oficinas de la Direcci\u00f3n Provincial del Ambiente de Imbabura.<\/p>\n","protected":false},"excerpt":{"rendered":"<p class=\"excerpt\">El pasado 16 de octubre, el Ministerio del Ambiente (MAE) a trav\u00e9s la Direcci\u00f3n Provincial de Imbabura,\u00a0 llev\u00f3 a cabo el taller de Socializaci\u00f3n del Manual Operativo del Plan Nacional de Restauraci\u00f3n Forestal (PNRF) donde se dio a conocer la reforma al Acuerdo 315, en el que se contempla la inclusi\u00f3n de los Gobiernos Aut\u00f3nomos Descentralizados Municipales para que participen&hellip; <a href=\"https:\/\/www.ambienteyenergia.gob.ec\/ambiente\/mae-realiza-taller-sobre-restauracion-forestal-en-imbabura\/\">Read more &rarr;<\/a><\/p>\n","protected":false},"author":13,"featured_media":22928,"comment_status":"open","ping_status":"open","sticky":false,"template":"","format":"standard","meta":{"footnotes":""},"categories":[16,4],"tags":[],"class_list":["post-22927","post","type-post","status-publish","format-standard","has-post-thumbnail","hentry","category-comunicamos","category-noticias","xfolkentry"],"_links":{"self":[{"href":"https:\/\/www.ambienteyenergia.gob.ec\/ambiente\/wp-json\/wp\/v2\/posts\/22927","targetHints":{"allow":["GET"]}}],"collection":[{"href":"https:\/\/www.ambienteyenergia.gob.ec\/ambiente\/wp-json\/wp\/v2\/posts"}],"about":[{"href":"https:\/\/www.ambienteyenergia.gob.ec\/ambiente\/wp-json\/wp\/v2\/types\/post"}],"author":[{"embeddable":true,"href":"https:\/\/www.ambienteyenergia.gob.ec\/ambiente\/wp-json\/wp\/v2\/users\/13"}],"replies":[{"embeddable":true,"href":"https:\/\/www.ambienteyenergia.gob.ec\/ambiente\/wp-json\/wp\/v2\/comments?post=22927"}],"version-history":[{"count":0,"href":"https:\/\/www.ambienteyenergia.gob.ec\/ambiente\/wp-json\/wp\/v2\/posts\/22927\/revisions"}],"wp:featuredmedia":[{"embeddable":true,"href":"https:\/\/www.ambienteyenergia.gob.ec\/ambiente\/wp-json\/wp\/v2\/media\/22928"}],"wp:attachment":[{"href":"https:\/\/www.ambienteyenergia.gob.ec\/ambiente\/wp-json\/wp\/v2\/media?parent=22927"}],"wp:term":[{"taxonomy":"category","embeddable":true,"href":"https:\/\/www.ambienteyenergia.gob.ec\/ambiente\/wp-json\/wp\/v2\/categories?post=22927"},{"taxonomy":"post_tag","embeddable":true,"href":"https:\/\/www.ambienteyenergia.gob.ec\/ambiente\/wp-json\/wp\/v2\/tags?post=22927"}],"curies":[{"name":"wp","href":"https:\/\/api.w.org\/{rel}","templated":true}]}}