{"id":22925,"date":"2014-10-21T09:20:53","date_gmt":"2014-10-21T14:20:53","guid":{"rendered":"http:\/\/www.ambiente.gob.ec\/?p=22925"},"modified":"2014-10-21T09:20:53","modified_gmt":"2014-10-21T14:20:53","slug":"delegacion-ecuatoriana-participa-de-visita-tecnica-en-chile","status":"publish","type":"post","link":"https:\/\/www.ambienteyenergia.gob.ec\/ambiente\/delegacion-ecuatoriana-participa-de-visita-tecnica-en-chile\/","title":{"rendered":"Delegaci\u00f3n ecuatoriana participa de visita t\u00e9cnica en Chile"},"content":{"rendered":"<p style=\"text-align: justify;\">Ayer, una delegaci\u00f3n del Ministerio del Ambiente de Ecuador inici\u00f3 su visita t\u00e9cnica a Chile en el marco de las actividades previstas a desarrollarse antes de la Comisi\u00f3n Interministerial Binacional que se efectuar\u00e1 en la ciudad de Quito el pr\u00f3ximo mes de diciembre, en el que se tratar\u00e1n temas de cooperaci\u00f3n en materia ambiental.<\/p>\n<p>Seis t\u00e9cnicos de esta Cartera de Estado asistieron, en horas de la ma\u00f1ana al Ministerio del Medio Ambiente (MMA), en el que se desarroll\u00f3 la reuni\u00f3n para conocer acerca de los avances en legislaci\u00f3n y normativa ambiental que lleva adelante Chile, en el marco de establecimiento de esta entidad como reguladora a nivel nacional, desde el a\u00f1o 2010.<\/p>\n<p>Jorge Cash, Subsecretario del Medio Ambiente (S), dio la bienvenida a los funcionarios que participan de esta cita, en la que recalc\u00f3 que Ecuador es uno de los pa\u00eds de la regi\u00f3n que m\u00e1s inter\u00e9s ha brindado al desarrollo social por medio del cuidado ambiental, lo que ha servido de ejemplo para la implementaci\u00f3n de estrategias a nivel cooperativo, con el af\u00e1n de mejorar la calidad de vida de la poblaci\u00f3n, a trav\u00e9s del mejoramiento en la calidad del ambiente.<\/p>\n<p>Durante esta jornada de trabajo, los delegados ecuatorianos pudieron compartir experiencias a cerca de los procesos de normativa ambiental, evaluaci\u00f3n y fiscalizaci\u00f3n que lleva adelante Chile, en el marco de la regulaci\u00f3n, control y supervisi\u00f3n de actividades que generan impacto ambiental, amparados en la ley 19 300, que expide el marco general sobre este tipo de pr\u00e1cticas de car\u00e1cter artesanal, industrial, productivo y mercantil.<\/p>\n<p>La estructura ambiental chilena est\u00e1 compuesta de tres sectores de car\u00e1cter aut\u00f3nomo, iniciando con el Ministerio del Medio Ambiente (MMA), ente encargado de normar toda actividad estipulada en la ley, es decir, que de una u otra forma est\u00e9 dentro de los rangos de emisiones que afectan al ambiente.<\/p>\n<p>Por otro lado, el Servicio de Evaluaci\u00f3n de Impactos Ambientales (SEIA), es la instituci\u00f3n que se encarga de evaluar a los proyectos productivos e industriales, en cumplimiento a la legislaci\u00f3n ambiental, emitiendo una recomendaci\u00f3n al organismo competente para la emisi\u00f3n o desestimiento de la Resolusi\u00f3n de Calificaci\u00f3n Ambiental (Licencia Ambiental para el caso de Ecuador), con lo cual el SEIA se ha convertido en un sistema preventivo que tiene como objetivo evitar la afectaci\u00f3n ambiental de acuerdo a par\u00e1mentros ambientales, sociales y culturales.<\/p>\n<p>La Superintendencia del Medio Ambiente, instituci\u00f3n creada con el objetivo de fiscalizar toda actividades que genera impacto, de acuerdo a su Cat\u00e1logo de Caracterizaci\u00f3n Ambiental, tiene como finalidad controlar estrat\u00e9gicamente el cumplimiento de \u00e1reas de explotaci\u00f3n, licencias y obligaciones operacionales, sancionando incumplimientos en materia ambiental y de concesiones.<\/p>\n","protected":false},"excerpt":{"rendered":"<p class=\"excerpt\">Ayer, una delegaci\u00f3n del Ministerio del Ambiente de Ecuador inici\u00f3 su visita t\u00e9cnica a Chile en el marco de las actividades previstas a desarrollarse antes de la Comisi\u00f3n Interministerial Binacional que se efectuar\u00e1 en la ciudad de Quito el pr\u00f3ximo mes de diciembre, en el que se tratar\u00e1n temas de cooperaci\u00f3n en materia ambiental. Seis t\u00e9cnicos de esta Cartera de&hellip; <a href=\"https:\/\/www.ambienteyenergia.gob.ec\/ambiente\/delegacion-ecuatoriana-participa-de-visita-tecnica-en-chile\/\">Read more &rarr;<\/a><\/p>\n","protected":false},"author":13,"featured_media":22884,"comment_status":"open","ping_status":"open","sticky":false,"template":"","format":"standard","meta":{"footnotes":""},"categories":[16,4],"tags":[],"class_list":["post-22925","post","type-post","status-publish","format-standard","has-post-thumbnail","hentry","category-comunicamos","category-noticias","xfolkentry"],"_links":{"self":[{"href":"https:\/\/www.ambienteyenergia.gob.ec\/ambiente\/wp-json\/wp\/v2\/posts\/22925","targetHints":{"allow":["GET"]}}],"collection":[{"href":"https:\/\/www.ambienteyenergia.gob.ec\/ambiente\/wp-json\/wp\/v2\/posts"}],"about":[{"href":"https:\/\/www.ambienteyenergia.gob.ec\/ambiente\/wp-json\/wp\/v2\/types\/post"}],"author":[{"embeddable":true,"href":"https:\/\/www.ambienteyenergia.gob.ec\/ambiente\/wp-json\/wp\/v2\/users\/13"}],"replies":[{"embeddable":true,"href":"https:\/\/www.ambienteyenergia.gob.ec\/ambiente\/wp-json\/wp\/v2\/comments?post=22925"}],"version-history":[{"count":0,"href":"https:\/\/www.ambienteyenergia.gob.ec\/ambiente\/wp-json\/wp\/v2\/posts\/22925\/revisions"}],"wp:featuredmedia":[{"embeddable":true,"href":"https:\/\/www.ambienteyenergia.gob.ec\/ambiente\/wp-json\/wp\/v2\/media\/22884"}],"wp:attachment":[{"href":"https:\/\/www.ambienteyenergia.gob.ec\/ambiente\/wp-json\/wp\/v2\/media?parent=22925"}],"wp:term":[{"taxonomy":"category","embeddable":true,"href":"https:\/\/www.ambienteyenergia.gob.ec\/ambiente\/wp-json\/wp\/v2\/categories?post=22925"},{"taxonomy":"post_tag","embeddable":true,"href":"https:\/\/www.ambienteyenergia.gob.ec\/ambiente\/wp-json\/wp\/v2\/tags?post=22925"}],"curies":[{"name":"wp","href":"https:\/\/api.w.org\/{rel}","templated":true}]}}