{"id":22922,"date":"2014-10-20T16:56:45","date_gmt":"2014-10-20T21:56:45","guid":{"rendered":"http:\/\/www.ambiente.gob.ec\/?p=22922"},"modified":"2014-10-20T16:56:45","modified_gmt":"2014-10-20T21:56:45","slug":"mae-trabaja-con-el-municipio-de-playas-en-la-biorremediacion-del-esterillo","status":"publish","type":"post","link":"https:\/\/www.ambienteyenergia.gob.ec\/ambiente\/mae-trabaja-con-el-municipio-de-playas-en-la-biorremediacion-del-esterillo\/","title":{"rendered":"MAE trabaja con el Municipio de Playas en la biorremediaci\u00f3n del esterillo"},"content":{"rendered":"<p style=\"text-align: justify;\">Como parte de las acciones implementadas para salvaguardar el medio ambiente en el \u00c1rea Nacional de Recreaci\u00f3n Playas de Villamil (ANRPV), el Ministerio del Ambiente (MAE) trabaja con el Municipio de Playas para ejecutar labores de biorremediaci\u00f3n en la zona del Esterillo y de la conocida como Las Hamacas, calle Zen\u00f3n Mac\u00edas entre Alexander y Tito Ram\u00edrez, hasta que el cabildo termine los trabajos de refacci\u00f3n de tuber\u00edas del sistema de alcantarillado.<\/p>\n<p>Desde el pasado 14 de octubre, los guardaparques y jefe del ANRPV ofrecen asesor\u00eda t\u00e9cnica y laboran en la biorremediaci\u00f3n con la colocaci\u00f3n de cal en las zonas afectadas, para eliminar los malos olores que afectan a los visitantes y servidores tur\u00edsticos.<\/p>\n<p>Tito Navia, Jefe del \u00e1rea protegida, mencion\u00f3 que el componente qu\u00edmico act\u00faa para neutralizar la acidez y reduce los malos olores que hay en el lugar, clarificando el agua, para la protecci\u00f3n de los ciudadanos y de las especies que ah\u00ed habitan, pero tambi\u00e9n para reducir la proliferaci\u00f3n de bacterias y virus nocivos de las aguas residuales y lodos.<\/p>\n<p>El MAE ha solicitado a Hidroplayas y al Municipio de Playas informar sobre la programaci\u00f3n e implementaci\u00f3n de estrategias para la restructuraci\u00f3n del sistema de alcantarillado que afecta, principalmente, al \u00e1rea protegida, hasta donde asisten los visitantes al balneario.<\/p>\n","protected":false},"excerpt":{"rendered":"<p class=\"excerpt\">Como parte de las acciones implementadas para salvaguardar el medio ambiente en el \u00c1rea Nacional de Recreaci\u00f3n Playas de Villamil (ANRPV), el Ministerio del Ambiente (MAE) trabaja con el Municipio de Playas para ejecutar labores de biorremediaci\u00f3n en la zona del Esterillo y de la conocida como Las Hamacas, calle Zen\u00f3n Mac\u00edas entre Alexander y Tito Ram\u00edrez, hasta que el&hellip; <a href=\"https:\/\/www.ambienteyenergia.gob.ec\/ambiente\/mae-trabaja-con-el-municipio-de-playas-en-la-biorremediacion-del-esterillo\/\">Read more &rarr;<\/a><\/p>\n","protected":false},"author":13,"featured_media":22923,"comment_status":"open","ping_status":"open","sticky":false,"template":"","format":"standard","meta":{"footnotes":""},"categories":[16,4],"tags":[],"class_list":["post-22922","post","type-post","status-publish","format-standard","has-post-thumbnail","hentry","category-comunicamos","category-noticias","xfolkentry"],"_links":{"self":[{"href":"https:\/\/www.ambienteyenergia.gob.ec\/ambiente\/wp-json\/wp\/v2\/posts\/22922","targetHints":{"allow":["GET"]}}],"collection":[{"href":"https:\/\/www.ambienteyenergia.gob.ec\/ambiente\/wp-json\/wp\/v2\/posts"}],"about":[{"href":"https:\/\/www.ambienteyenergia.gob.ec\/ambiente\/wp-json\/wp\/v2\/types\/post"}],"author":[{"embeddable":true,"href":"https:\/\/www.ambienteyenergia.gob.ec\/ambiente\/wp-json\/wp\/v2\/users\/13"}],"replies":[{"embeddable":true,"href":"https:\/\/www.ambienteyenergia.gob.ec\/ambiente\/wp-json\/wp\/v2\/comments?post=22922"}],"version-history":[{"count":0,"href":"https:\/\/www.ambienteyenergia.gob.ec\/ambiente\/wp-json\/wp\/v2\/posts\/22922\/revisions"}],"wp:featuredmedia":[{"embeddable":true,"href":"https:\/\/www.ambienteyenergia.gob.ec\/ambiente\/wp-json\/wp\/v2\/media\/22923"}],"wp:attachment":[{"href":"https:\/\/www.ambienteyenergia.gob.ec\/ambiente\/wp-json\/wp\/v2\/media?parent=22922"}],"wp:term":[{"taxonomy":"category","embeddable":true,"href":"https:\/\/www.ambienteyenergia.gob.ec\/ambiente\/wp-json\/wp\/v2\/categories?post=22922"},{"taxonomy":"post_tag","embeddable":true,"href":"https:\/\/www.ambienteyenergia.gob.ec\/ambiente\/wp-json\/wp\/v2\/tags?post=22922"}],"curies":[{"name":"wp","href":"https:\/\/api.w.org\/{rel}","templated":true}]}}