{"id":22919,"date":"2014-10-20T15:00:26","date_gmt":"2014-10-20T20:00:26","guid":{"rendered":"http:\/\/www.ambiente.gob.ec\/?p=22919"},"modified":"2014-10-20T15:00:26","modified_gmt":"2014-10-20T20:00:26","slug":"mae-rescata-dos-ardillas-de-cola-roja-en-tungurahua","status":"publish","type":"post","link":"https:\/\/www.ambienteyenergia.gob.ec\/ambiente\/mae-rescata-dos-ardillas-de-cola-roja-en-tungurahua\/","title":{"rendered":"MAE rescata dos ardillas de cola roja en Tungurahua"},"content":{"rendered":"<p style=\"text-align: justify;\">Un llamado al 911 alert\u00f3 a las autoridades sobre un nuevo caso de tr\u00e1fico de fauna silvestre; dos cr\u00edas de ardillas rojizas de occidente eran trasladadas al interior de un cami\u00f3n que cargaba frutas provenientes de la costa; el mismo que fue detenido por la Unidad de Protecci\u00f3n del Ambiental de la Polic\u00eda Nacional.<\/p>\n<p style=\"text-align: justify;\">\nInmediatamente la Direcci\u00f3n Provincial del Ambiente Tungurahua tom\u00f3 el caso, traslad\u00f3 a las dos cr\u00edas de ardilla a las instalaciones de Protecci\u00f3n Animal Ecuador (PAE) para que reciban la atenci\u00f3n veterinaria adecuada a sus pocas semanas de nacidas, tomando en cuenta que las cr\u00edas dependen de su madre para alimentarse hasta sus 10 semanas de existencia.<\/p>\n<p style=\"text-align: justify;\">\nLa ardilla de cola roja (Sciurus granatensis) es un animal muy \u00e1gil y acrob\u00e1tico, de f\u00e1cil adaptaci\u00f3n al medio en el que se encuentra. Sin embargo, la destrucci\u00f3n de los ambientes naturales y el mercado de tr\u00e1fico de especies, para venderlo como mascotas, lo ha convertido en un animal vulnerable.<\/p>\n<p style=\"text-align: justify;\">\nLas ardillas de cola roja rescatadas contin\u00faan bajo el cuidado de los especialistas; mientras que la Direcci\u00f3n Provincial del MAE Tungurahua realiza un seguimiento diario para determinar su estado de salud y crecimiento, con el fin de programar su posible liberaci\u00f3n en los pr\u00f3ximos d\u00edas.<\/p>\n<p style=\"text-align: justify;\">\nEste proceso de conservaci\u00f3n no se puede realizar sin el aporte de la poblaci\u00f3n. Por ello, se invita a la ciudadan\u00eda a presentar su denuncia al 1800 &#8211; Ambiente (2624368), al ECU 911 o al 115 de la Polic\u00eda Nacional.<\/p>\n","protected":false},"excerpt":{"rendered":"<p class=\"excerpt\">Un llamado al 911 alert\u00f3 a las autoridades sobre un nuevo caso de tr\u00e1fico de fauna silvestre; dos cr\u00edas de ardillas rojizas de occidente eran trasladadas al interior de un cami\u00f3n que cargaba frutas provenientes de la costa; el mismo que fue detenido por la Unidad de Protecci\u00f3n del Ambiental de la Polic\u00eda Nacional. Inmediatamente la Direcci\u00f3n Provincial del Ambiente&hellip; <a href=\"https:\/\/www.ambienteyenergia.gob.ec\/ambiente\/mae-rescata-dos-ardillas-de-cola-roja-en-tungurahua\/\">Read more &rarr;<\/a><\/p>\n","protected":false},"author":13,"featured_media":22920,"comment_status":"open","ping_status":"open","sticky":false,"template":"","format":"standard","meta":{"footnotes":""},"categories":[16,4],"tags":[],"class_list":["post-22919","post","type-post","status-publish","format-standard","has-post-thumbnail","hentry","category-comunicamos","category-noticias","xfolkentry"],"_links":{"self":[{"href":"https:\/\/www.ambienteyenergia.gob.ec\/ambiente\/wp-json\/wp\/v2\/posts\/22919","targetHints":{"allow":["GET"]}}],"collection":[{"href":"https:\/\/www.ambienteyenergia.gob.ec\/ambiente\/wp-json\/wp\/v2\/posts"}],"about":[{"href":"https:\/\/www.ambienteyenergia.gob.ec\/ambiente\/wp-json\/wp\/v2\/types\/post"}],"author":[{"embeddable":true,"href":"https:\/\/www.ambienteyenergia.gob.ec\/ambiente\/wp-json\/wp\/v2\/users\/13"}],"replies":[{"embeddable":true,"href":"https:\/\/www.ambienteyenergia.gob.ec\/ambiente\/wp-json\/wp\/v2\/comments?post=22919"}],"version-history":[{"count":0,"href":"https:\/\/www.ambienteyenergia.gob.ec\/ambiente\/wp-json\/wp\/v2\/posts\/22919\/revisions"}],"wp:featuredmedia":[{"embeddable":true,"href":"https:\/\/www.ambienteyenergia.gob.ec\/ambiente\/wp-json\/wp\/v2\/media\/22920"}],"wp:attachment":[{"href":"https:\/\/www.ambienteyenergia.gob.ec\/ambiente\/wp-json\/wp\/v2\/media?parent=22919"}],"wp:term":[{"taxonomy":"category","embeddable":true,"href":"https:\/\/www.ambienteyenergia.gob.ec\/ambiente\/wp-json\/wp\/v2\/categories?post=22919"},{"taxonomy":"post_tag","embeddable":true,"href":"https:\/\/www.ambienteyenergia.gob.ec\/ambiente\/wp-json\/wp\/v2\/tags?post=22919"}],"curies":[{"name":"wp","href":"https:\/\/api.w.org\/{rel}","templated":true}]}}